{"id":75645,"date":"2025-04-09T07:17:51","date_gmt":"2025-04-09T11:17:51","guid":{"rendered":"https:\/\/jms.com.bo\/mediamonitor\/2025\/04\/09\/el-gobierno-ratifica-veto-a-exportacion-de-la-carne-de-res\/"},"modified":"2025-04-09T07:17:51","modified_gmt":"2025-04-09T11:17:51","slug":"el-gobierno-ratifica-veto-a-exportacion-de-la-carne-de-res","status":"publish","type":"post","link":"https:\/\/jms.com.bo\/mediamonitor\/2025\/04\/09\/el-gobierno-ratifica-veto-a-exportacion-de-la-carne-de-res\/","title":{"rendered":"El Gobierno ratifica veto a exportaci\u00f3n de la carne de res"},"content":{"rendered":"<p style=\"text-align: justify;\">El ministro de Desarrollo Rural, Yamil Flores, descart\u00f3 por ahora levantar el veto a la exportaci\u00f3n de carne de res.<\/p>\n<p style=\"text-align: justify;\">\u201cEstamos en una \u00e9poca de evaluaci\u00f3n de las afectaciones que hemos tenido a nivel agr\u00edcola y pecuario (\u2026). No podemos ser irresponsables de abrir la exportaci\u00f3n inmediatamente, cuando no tenemos una evaluaci\u00f3n concreta, responsable y seria\u201d, explic\u00f3.<\/p>\n<p style=\"text-align: justify;\">Asegur\u00f3 que el kilo en gancho de carne de res est\u00e1 en Bs 35 y Bs 36, seg\u00fan un recorrido por los mercados del pa\u00eds; sin embargo, el precio del producto para el consumidor final a\u00fan sigue elevado, lo que significa que no se est\u00e1n cumpliendo los acuerdos con el sector privado.<\/p>\n","protected":false},"excerpt":{"rendered":"<p>El ministro de Desarrollo Rural, Yamil Flores, descart\u00f3 por ahora levantar el veto a la exportaci\u00f3n de carne de res. \u201cEstamos en una \u00e9poca de evaluaci\u00f3n de las afectaciones que hemos tenido a nivel agr\u00edcola y pecuario (\u2026). No podemos ser irresponsables de abrir la exportaci\u00f3n inmediatamente, cuando no tenemos una evaluaci\u00f3n concreta, responsable y [&hellip;]<\/p>\n","protected":false},"author":4,"featured_media":75320,"comment_status":"open","ping_status":"closed","sticky":false,"template":"","format":"standard","meta":{"footnotes":""},"categories":[52],"tags":[],"class_list":{"0":"post-75645","1":"post","2":"type-post","3":"status-publish","4":"format-standard","5":"has-post-thumbnail","7":"category-alimentos-agroindustria"},"_links":{"self":[{"href":"https:\/\/jms.com.bo\/mediamonitor\/wp-json\/wp\/v2\/posts\/75645","targetHints":{"allow":["GET"]}}],"collection":[{"href":"https:\/\/jms.com.bo\/mediamonitor\/wp-json\/wp\/v2\/posts"}],"about":[{"href":"https:\/\/jms.com.bo\/mediamonitor\/wp-json\/wp\/v2\/types\/post"}],"author":[{"embeddable":true,"href":"https:\/\/jms.com.bo\/mediamonitor\/wp-json\/wp\/v2\/users\/4"}],"replies":[{"embeddable":true,"href":"https:\/\/jms.com.bo\/mediamonitor\/wp-json\/wp\/v2\/comments?post=75645"}],"version-history":[{"count":0,"href":"https:\/\/jms.com.bo\/mediamonitor\/wp-json\/wp\/v2\/posts\/75645\/revisions"}],"wp:featuredmedia":[{"embeddable":true,"href":"https:\/\/jms.com.bo\/mediamonitor\/wp-json\/wp\/v2\/media\/75320"}],"wp:attachment":[{"href":"https:\/\/jms.com.bo\/mediamonitor\/wp-json\/wp\/v2\/media?parent=75645"}],"wp:term":[{"taxonomy":"category","embeddable":true,"href":"https:\/\/jms.com.bo\/mediamonitor\/wp-json\/wp\/v2\/categories?post=75645"},{"taxonomy":"post_tag","embeddable":true,"href":"https:\/\/jms.com.bo\/mediamonitor\/wp-json\/wp\/v2\/tags?post=75645"}],"curies":[{"name":"wp","href":"https:\/\/api.w.org\/{rel}","templated":true}]}}