{"id":75713,"date":"2025-04-10T07:18:51","date_gmt":"2025-04-10T11:18:51","guid":{"rendered":"https:\/\/jms.com.bo\/mediamonitor\/2025\/04\/10\/comision-de-diputados-aprueba-ampliacion-del-fondo-pro-leche-hasta-el-ano-2040\/"},"modified":"2025-04-10T07:18:51","modified_gmt":"2025-04-10T11:18:51","slug":"comision-de-diputados-aprueba-ampliacion-del-fondo-pro-leche-hasta-el-ano-2040","status":"publish","type":"post","link":"https:\/\/jms.com.bo\/mediamonitor\/2025\/04\/10\/comision-de-diputados-aprueba-ampliacion-del-fondo-pro-leche-hasta-el-ano-2040\/","title":{"rendered":"Comisi\u00f3n de Diputados aprueba ampliaci\u00f3n del Fondo Pro Leche hasta el a\u00f1o 2040"},"content":{"rendered":"<p style=\"text-align: justify;\">La Comisi\u00f3n de Planificaci\u00f3n, Pol\u00edtica Econ\u00f3mica y Finanzas de la C\u00e1mara de Diputados aprob\u00f3 el proyecto de Ley 470\/2024-2025 que modifica la Ley N\u00b0 204 y ampl\u00eda la vigencia del Fondo Pro Leche hasta el a\u00f1o 2040.<\/p>\n<p style=\"text-align: justify;\">En la sesi\u00f3n, presidida por el diputado Andr\u00e9s Flores Condori (MAS-IPSP), se dio luz verde a la iniciativa que plantea orientar los programas y proyectos del Fondo de Apoyo al Complejo Productivo L\u00e1cteo \u2013 Pro Leche a los peque\u00f1os y medianos productores.<\/p>\n<p style=\"text-align: justify;\">La norma busca garantizar una pol\u00edtica p\u00fablica sostenible que promueva el desarrollo del sector l\u00e1cteo, impulsando la seguridad alimentaria y dinamizando la econom\u00eda de las regiones productoras.<\/p>\n<p style=\"text-align: justify;\">La iniciativa fue remitida por el \u00d3rgano Ejecutivo a finales de marzo, luego de un trabajo coordinado con los productores lecheros de toda Bolivia desde el a\u00f1o 2024.<\/p>\n<p style=\"text-align: justify;\">Adem\u00e1s de ampliar la vigencia de este fondo hasta el a\u00f1o 2040, el proyecto de ley tambi\u00e9n busca mejorar todos los eslabones de la cadena productiva, a trav\u00e9s de un apoyo directo a los lecheros, principalmente, del sector primario, con forraje, mejoramiento gen\u00e9tico y otros para que sean m\u00e1s competitivos.<\/p>\n<p style=\"text-align: justify;\">Con el proyecto de ley se apunta acopiar 1.248 millones de litros de leche al 2040, tomando en cuenta que la provisi\u00f3n aument\u00f3 de 241 millones de litros, en 2012, a 342 millones de litros a 2024.<\/p>\n<p style=\"text-align: justify;\">Asimismo, la iniciativa legal busca elevar el consumo per c\u00e1pita de leche a 100 litros al 2040, considerando que el consumo per c\u00e1pita era de 49 litros, en 2012, y de 68 litros, en 2024; es decir, un incremento cercano al 40%.<\/p>\n","protected":false},"excerpt":{"rendered":"<p>La Comisi\u00f3n de Planificaci\u00f3n, Pol\u00edtica Econ\u00f3mica y Finanzas de la C\u00e1mara de Diputados aprob\u00f3 el proyecto de Ley 470\/2024-2025 que modifica la Ley N\u00b0 204 y ampl\u00eda la vigencia del Fondo Pro Leche hasta el a\u00f1o 2040. En la sesi\u00f3n, presidida por el diputado Andr\u00e9s Flores Condori (MAS-IPSP), se dio luz verde a la iniciativa [&hellip;]<\/p>\n","protected":false},"author":4,"featured_media":75714,"comment_status":"open","ping_status":"closed","sticky":false,"template":"","format":"standard","meta":{"footnotes":""},"categories":[25],"tags":[],"class_list":{"0":"post-75713","1":"post","2":"type-post","3":"status-publish","4":"format-standard","5":"has-post-thumbnail","7":"category-economia"},"_links":{"self":[{"href":"https:\/\/jms.com.bo\/mediamonitor\/wp-json\/wp\/v2\/posts\/75713","targetHints":{"allow":["GET"]}}],"collection":[{"href":"https:\/\/jms.com.bo\/mediamonitor\/wp-json\/wp\/v2\/posts"}],"about":[{"href":"https:\/\/jms.com.bo\/mediamonitor\/wp-json\/wp\/v2\/types\/post"}],"author":[{"embeddable":true,"href":"https:\/\/jms.com.bo\/mediamonitor\/wp-json\/wp\/v2\/users\/4"}],"replies":[{"embeddable":true,"href":"https:\/\/jms.com.bo\/mediamonitor\/wp-json\/wp\/v2\/comments?post=75713"}],"version-history":[{"count":0,"href":"https:\/\/jms.com.bo\/mediamonitor\/wp-json\/wp\/v2\/posts\/75713\/revisions"}],"wp:featuredmedia":[{"embeddable":true,"href":"https:\/\/jms.com.bo\/mediamonitor\/wp-json\/wp\/v2\/media\/75714"}],"wp:attachment":[{"href":"https:\/\/jms.com.bo\/mediamonitor\/wp-json\/wp\/v2\/media?parent=75713"}],"wp:term":[{"taxonomy":"category","embeddable":true,"href":"https:\/\/jms.com.bo\/mediamonitor\/wp-json\/wp\/v2\/categories?post=75713"},{"taxonomy":"post_tag","embeddable":true,"href":"https:\/\/jms.com.bo\/mediamonitor\/wp-json\/wp\/v2\/tags?post=75713"}],"curies":[{"name":"wp","href":"https:\/\/api.w.org\/{rel}","templated":true}]}}