{"id":75715,"date":"2025-04-10T07:20:20","date_gmt":"2025-04-10T11:20:20","guid":{"rendered":"https:\/\/jms.com.bo\/mediamonitor\/2025\/04\/10\/el-82-de-los-bolivianos-califica-a-la-economia-como-muy-debil\/"},"modified":"2025-04-10T07:22:45","modified_gmt":"2025-04-10T11:22:45","slug":"el-82-de-los-bolivianos-califica-a-la-economia-como-muy-debil","status":"publish","type":"post","link":"https:\/\/jms.com.bo\/mediamonitor\/2025\/04\/10\/el-82-de-los-bolivianos-califica-a-la-economia-como-muy-debil\/","title":{"rendered":"El 82% de los bolivianos califica a la econom\u00eda como \u201cmuy d\u00e9bil\u201d"},"content":{"rendered":"<p style=\"text-align: justify;\">Un reciente estudio de opini\u00f3n p\u00fablica realizado por la encuestadora Ipsos Ciesmori revela un preocupante estado de \u00e1nimo en Bolivia: apenas un 7% de la poblaci\u00f3n considera que el pa\u00eds va por el rumbo adecuado, una cifra muy por debajo del promedio global, que se sit\u00faa en 37%. En comparaci\u00f3n regional, pa\u00edses como Argentina y M\u00e9xico reportan niveles significativamente m\u00e1s altos de confianza, con 59% y 58% respectivamente.<\/p>\n<p style=\"text-align: justify;\">Con 7%, es el m\u00e1s bajo porcentaje a nivel de los estudios internacionales de Ciesmori.<\/p>\n<p style=\"text-align: justify;\">La percepci\u00f3n negativa se extiende al \u00e1mbito econ\u00f3mico. El 82% de los encuestados califica la econom\u00eda nacional como \u201cmuy d\u00e9bil\u201d, mientras que solo un 9% la considera \u201cmuy fuerte\u201d. Esta visi\u00f3n se traslada tambi\u00e9n al plano personal, donde un 67% eval\u00faa su situaci\u00f3n financiera como \u201cmuy d\u00e9bil\u201d.<\/p>\n<p style=\"text-align: justify;\">El estudio tambi\u00e9n aborda aspectos pol\u00edticos. El empresario, Marcelo Claure, genera opiniones divididas en cuanto a su capacidad para influir de forma positiva en la pol\u00edtica nacional. Paralelamente, la reciente crisis de combustibles ha generado escepticismo en torno a la gesti\u00f3n del presidente Luis Arce. M\u00e1s de la mitad de los encuestados se\u00f1ala que la crisis influir\u00e1 en su decisi\u00f3n de voto de cara a las pr\u00f3ximas elecciones.<\/p>\n<p style=\"text-align: justify;\">La encuesta de Ciesmori concluye que Bolivia atraviesa una coyuntura econ\u00f3mica y social compleja, marcada por la percepci\u00f3n de debilidad estructural en todos los niveles. A medida que se acerca su Bicentenario, el pa\u00eds enfrenta el reto de encarar reformas sustanciales que atiendan las demandas ciudadanas, combatan la corrupci\u00f3n y mejoren la competitividad en el contexto global.<\/p>\n<p style=\"text-align: justify;\">Ipsos Ciesmori realiza mensualmente el Monitor de Opini\u00f3n P\u00fablica (MOP), que abarca las cuatro ciudades del eje troncal de Bolivia. Sus resultados se contrastan con los datos obtenidos por la operaci\u00f3n global de la empresa en m\u00e1s de 30 pa\u00edses, lo que permite tener una mirada local contextualizada en relaci\u00f3n con la coyuntura mundial.<\/p>\n<p style=\"text-align: justify;\">Ipsos Ciesmori realiza el levantamiento de informaci\u00f3n exclusivamente mediante encuestas online, con el objetivo de representar al universo de personas conectadas al mundo digital. (Br\u00fajula Digital)<\/p>\n","protected":false},"excerpt":{"rendered":"<p>Un reciente estudio de opini\u00f3n p\u00fablica realizado por la encuestadora Ipsos Ciesmori revela un preocupante estado de \u00e1nimo en Bolivia: apenas un 7% de la poblaci\u00f3n considera que el pa\u00eds va por el rumbo adecuado, una cifra muy por debajo del promedio global, que se sit\u00faa en 37%. En comparaci\u00f3n regional, pa\u00edses como Argentina y [&hellip;]<\/p>\n","protected":false},"author":4,"featured_media":77931,"comment_status":"open","ping_status":"closed","sticky":false,"template":"","format":"standard","meta":{"footnotes":""},"categories":[25,45,48],"tags":[],"class_list":{"0":"post-75715","1":"post","2":"type-post","3":"status-publish","4":"format-standard","5":"has-post-thumbnail","7":"category-economia","8":"category-portada-economia","9":"category-portada-general-sitio"},"_links":{"self":[{"href":"https:\/\/jms.com.bo\/mediamonitor\/wp-json\/wp\/v2\/posts\/75715","targetHints":{"allow":["GET"]}}],"collection":[{"href":"https:\/\/jms.com.bo\/mediamonitor\/wp-json\/wp\/v2\/posts"}],"about":[{"href":"https:\/\/jms.com.bo\/mediamonitor\/wp-json\/wp\/v2\/types\/post"}],"author":[{"embeddable":true,"href":"https:\/\/jms.com.bo\/mediamonitor\/wp-json\/wp\/v2\/users\/4"}],"replies":[{"embeddable":true,"href":"https:\/\/jms.com.bo\/mediamonitor\/wp-json\/wp\/v2\/comments?post=75715"}],"version-history":[{"count":1,"href":"https:\/\/jms.com.bo\/mediamonitor\/wp-json\/wp\/v2\/posts\/75715\/revisions"}],"predecessor-version":[{"id":75716,"href":"https:\/\/jms.com.bo\/mediamonitor\/wp-json\/wp\/v2\/posts\/75715\/revisions\/75716"}],"wp:featuredmedia":[{"embeddable":true,"href":"https:\/\/jms.com.bo\/mediamonitor\/wp-json\/wp\/v2\/posts\/77931"}],"wp:attachment":[{"href":"https:\/\/jms.com.bo\/mediamonitor\/wp-json\/wp\/v2\/media?parent=75715"}],"wp:term":[{"taxonomy":"category","embeddable":true,"href":"https:\/\/jms.com.bo\/mediamonitor\/wp-json\/wp\/v2\/categories?post=75715"},{"taxonomy":"post_tag","embeddable":true,"href":"https:\/\/jms.com.bo\/mediamonitor\/wp-json\/wp\/v2\/tags?post=75715"}],"curies":[{"name":"wp","href":"https:\/\/api.w.org\/{rel}","templated":true}]}}