{"id":75719,"date":"2025-04-10T07:25:40","date_gmt":"2025-04-10T11:25:40","guid":{"rendered":"https:\/\/jms.com.bo\/mediamonitor\/2025\/04\/10\/cedib-admite-errores-en-cifras-sobre-consumo-de-agua-en-proyectos-de-litio\/"},"modified":"2025-04-10T07:25:40","modified_gmt":"2025-04-10T11:25:40","slug":"cedib-admite-errores-en-cifras-sobre-consumo-de-agua-en-proyectos-de-litio","status":"publish","type":"post","link":"https:\/\/jms.com.bo\/mediamonitor\/2025\/04\/10\/cedib-admite-errores-en-cifras-sobre-consumo-de-agua-en-proyectos-de-litio\/","title":{"rendered":"Cedib admite errores en cifras sobre consumo de agua en proyectos de litio"},"content":{"rendered":"<p style=\"text-align: justify;\">El investigador del Centro de Documentaci\u00f3n e Informaci\u00f3n Bolivia (Cedib), Gonzalo Mondaca, admiti\u00f3 este martes la existencia de errores en los datos que proporcion\u00f3 la instituci\u00f3n sobre el consumo de agua en los proyectos de litio del Gobierno, en el marco del proceso de industrializaci\u00f3n.<\/p>\n<p dir=\"ltr\" style=\"text-align: justify;\">\u201cPodemos tener algunos errores en los datos, todo tiene que ser analizado a profundidad\u201d, manifest\u00f3 Mondaca en entrevista con radio Fides Potos\u00ed, al ser consultado sobre las cifras que difundi\u00f3 sobre el consumo de agua, y que fueron desvirtuadas por Yacimientos de Litio Bolivianos (YLB).<\/p>\n<p dir=\"ltr\" style=\"text-align: justify;\">El Cedib public\u00f3 que la extracci\u00f3n de litio, con los proyectos de plantas industriales, contenidos en los contratos de litio, y la actual planta evapor\u00edtica, consumir\u00e1 47 millones de metros c\u00fabicos anuales de agua dulce, lo que representar\u00eda 15 veces m\u00e1s de la lluvia que cae en la zona del Salar de Uyuni, seg\u00fan sus c\u00e1lculos.<\/p>\n<p dir=\"ltr\" style=\"text-align: justify;\">Sin embargo, YLB retruc\u00f3 los datos, identificando errores de an\u00e1lisis en la publicaci\u00f3n, como la suma de valores de \u201cagua de pozo\u201d y \u201cagua desalada\u201d, as\u00ed como el volumen de salmuera y agua industrial que tienen diferentes caracter\u00edsticas. Los resultados sobredimensionaron los datos difundidos.<\/p>\n<p dir=\"ltr\" style=\"text-align: justify;\">Seg\u00fan la empresa estatal, el consumo real de los proyectos ser\u00e1 de 5,6 millones de metros c\u00fabicos de agua.<\/p>\n<p dir=\"ltr\" style=\"text-align: justify;\">La cifra es 54 veces inferior a la cantidad de precipitaci\u00f3n pluvial, registrada en el Salar de Uyuni, en los \u00faltimos cinco a\u00f1os, por las estaciones del Servicio Nacional de Hidrolog\u00eda y Meteorolog\u00eda (Senamhi), el cual llega a un promedio de 309 millones de metros c\u00fabicos por a\u00f1o.<\/p>\n<p dir=\"ltr\" style=\"text-align: justify;\">\u201cLa investigaci\u00f3n en la que nosotros nos hemos basado para identificar los vol\u00famenes de precipitaci\u00f3n en la regi\u00f3n, efectivamente es una investigaci\u00f3n del 2007, del profesor Jorge Molina Carpio, un investigador de la Universidad de San Andr\u00e9s, y al menos est\u00e1 publicado, pero la informaci\u00f3n que nos estar\u00eda diciendo que tenemos mucha m\u00e1s agua disponible por las lluvias, como nos dec\u00edan los t\u00e9cnicos de la YLB, esa informaci\u00f3n todav\u00eda no est\u00e1 publicada\u201d, argument\u00f3 Mondaca.<\/p>\n","protected":false},"excerpt":{"rendered":"<p>El investigador del Centro de Documentaci\u00f3n e Informaci\u00f3n Bolivia (Cedib), Gonzalo Mondaca, admiti\u00f3 este martes la existencia de errores en los datos que proporcion\u00f3 la instituci\u00f3n sobre el consumo de agua en los proyectos de litio del Gobierno, en el marco del proceso de industrializaci\u00f3n. \u201cPodemos tener algunos errores en los datos, todo tiene que [&hellip;]<\/p>\n","protected":false},"author":4,"featured_media":75720,"comment_status":"open","ping_status":"closed","sticky":false,"template":"","format":"standard","meta":{"footnotes":""},"categories":[39,44,48],"tags":[],"class_list":{"0":"post-75719","1":"post","2":"type-post","3":"status-publish","4":"format-standard","5":"has-post-thumbnail","7":"category-energia","8":"category-portada-energia","9":"category-portada-general-sitio"},"_links":{"self":[{"href":"https:\/\/jms.com.bo\/mediamonitor\/wp-json\/wp\/v2\/posts\/75719","targetHints":{"allow":["GET"]}}],"collection":[{"href":"https:\/\/jms.com.bo\/mediamonitor\/wp-json\/wp\/v2\/posts"}],"about":[{"href":"https:\/\/jms.com.bo\/mediamonitor\/wp-json\/wp\/v2\/types\/post"}],"author":[{"embeddable":true,"href":"https:\/\/jms.com.bo\/mediamonitor\/wp-json\/wp\/v2\/users\/4"}],"replies":[{"embeddable":true,"href":"https:\/\/jms.com.bo\/mediamonitor\/wp-json\/wp\/v2\/comments?post=75719"}],"version-history":[{"count":0,"href":"https:\/\/jms.com.bo\/mediamonitor\/wp-json\/wp\/v2\/posts\/75719\/revisions"}],"wp:featuredmedia":[{"embeddable":true,"href":"https:\/\/jms.com.bo\/mediamonitor\/wp-json\/wp\/v2\/media\/75720"}],"wp:attachment":[{"href":"https:\/\/jms.com.bo\/mediamonitor\/wp-json\/wp\/v2\/media?parent=75719"}],"wp:term":[{"taxonomy":"category","embeddable":true,"href":"https:\/\/jms.com.bo\/mediamonitor\/wp-json\/wp\/v2\/categories?post=75719"},{"taxonomy":"post_tag","embeddable":true,"href":"https:\/\/jms.com.bo\/mediamonitor\/wp-json\/wp\/v2\/tags?post=75719"}],"curies":[{"name":"wp","href":"https:\/\/api.w.org\/{rel}","templated":true}]}}