{"id":75731,"date":"2025-04-11T06:45:18","date_gmt":"2025-04-11T10:45:18","guid":{"rendered":"https:\/\/jms.com.bo\/mediamonitor\/2025\/04\/11\/transportistas-mantendran-el-paro-hasta-la-renuncia-de-chambilla\/"},"modified":"2025-04-11T06:45:18","modified_gmt":"2025-04-11T10:45:18","slug":"transportistas-mantendran-el-paro-hasta-la-renuncia-de-chambilla","status":"publish","type":"post","link":"https:\/\/jms.com.bo\/mediamonitor\/2025\/04\/11\/transportistas-mantendran-el-paro-hasta-la-renuncia-de-chambilla\/","title":{"rendered":"Transportistas mantendr\u00e1n el paro hasta la renuncia de Chambilla"},"content":{"rendered":"<p style=\"text-align: justify;\">Pese a que el Concejo Municipal de La Paz dispuso un cuarto intermedio hasta el martes en la sesi\u00f3n que debe promulgar la ley de congelamiento de tarifas del transporte p\u00fablico, los choferes seguir\u00e1n con el paro hasta lograr la renuncia de Lourdes Chambilla, presidenta del Concejo.<\/p>\n<p style=\"text-align: justify;\">\u201cEl transporte est\u00e1 en pie de lucha y vamos a estar hasta las \u00faltimas consecuencias. Ahora ya no nos importa el proyecto de ley ilegal, ahora queremos la renuncia de la presidenta\u201d, afirm\u00f3 Limbert Tancara, representante del autotransporte pace\u00f1o.<\/p>\n<p style=\"text-align: justify;\">Paro<br \/>\nOtros dirigentes, como Santos Escalante, tambi\u00e9n piden la renuncia del concejal Pierre Chain, quien aprob\u00f3 la norma en una sesi\u00f3n en la que estuvo ausente la bancada del alcalde Iv\u00e1n Arias.<\/p>\n<p style=\"text-align: justify;\">La ley de congelamiento de tarifas busca anular el incremento de pasajes que autoriz\u00f3 la Alcald\u00eda el pasado 25 de febrero, cuando el costo del tramo corto pas\u00f3 de Bs 2 a Bs 2,40 y el tramo largo pas\u00f3 de Bs 2,60 a Bs 3.<\/p>\n<p style=\"text-align: justify;\">Los transportistas instalaron el mi\u00e9rcoles una vigilia en puertas del Palacio Consistorial y de la Alcald\u00eda, ante la posibilidad de que Chambilla promulgue la ley. Por la tarde, iniciaron un paro de transporte que se radicaliz\u00f3 este jueves.<\/p>\n<p style=\"text-align: justify;\">De acuerdo con la Polic\u00eda, hay 26 puntos de bloqueo en La Paz, por parte de choferes que rechazan que las tarifas retornen a la realidad del 2016.<\/p>\n<p style=\"text-align: justify;\">Tancara explic\u00f3 que solo el alcalde puede regular, incrementar o rebajar las tarifas del transporte p\u00fablico, pero esa no es competencia del Concejo Municipal.<\/p>\n<p style=\"text-align: justify;\">De igual manera, la Alcald\u00eda advirti\u00f3 que iniciar\u00e1 procesos legales contra los concejales que promulgaron la norma, debido a que se trata de una acci\u00f3n ilegal e inconstitucional.<\/p>\n<p style=\"text-align: justify;\">Adem\u00e1s, Tancara se\u00f1al\u00f3 que el cuarto intermedio solo dilata la situaci\u00f3n, pero no la soluciona, por lo que la \u00fanica salida es la renuncia de Chambilla, de Chain y que se derogue totalmente la ley de congelamiento de tarifas.<\/p>\n","protected":false},"excerpt":{"rendered":"<p>Pese a que el Concejo Municipal de La Paz dispuso un cuarto intermedio hasta el martes en la sesi\u00f3n que debe promulgar la ley de congelamiento de tarifas del transporte p\u00fablico, los choferes seguir\u00e1n con el paro hasta lograr la renuncia de Lourdes Chambilla, presidenta del Concejo. \u201cEl transporte est\u00e1 en pie de lucha y [&hellip;]<\/p>\n","protected":false},"author":4,"featured_media":75732,"comment_status":"open","ping_status":"closed","sticky":false,"template":"","format":"standard","meta":{"footnotes":""},"categories":[49],"tags":[],"class_list":{"0":"post-75731","1":"post","2":"type-post","3":"status-publish","4":"format-standard","5":"has-post-thumbnail","7":"category-social"},"_links":{"self":[{"href":"https:\/\/jms.com.bo\/mediamonitor\/wp-json\/wp\/v2\/posts\/75731","targetHints":{"allow":["GET"]}}],"collection":[{"href":"https:\/\/jms.com.bo\/mediamonitor\/wp-json\/wp\/v2\/posts"}],"about":[{"href":"https:\/\/jms.com.bo\/mediamonitor\/wp-json\/wp\/v2\/types\/post"}],"author":[{"embeddable":true,"href":"https:\/\/jms.com.bo\/mediamonitor\/wp-json\/wp\/v2\/users\/4"}],"replies":[{"embeddable":true,"href":"https:\/\/jms.com.bo\/mediamonitor\/wp-json\/wp\/v2\/comments?post=75731"}],"version-history":[{"count":0,"href":"https:\/\/jms.com.bo\/mediamonitor\/wp-json\/wp\/v2\/posts\/75731\/revisions"}],"wp:featuredmedia":[{"embeddable":true,"href":"https:\/\/jms.com.bo\/mediamonitor\/wp-json\/wp\/v2\/media\/75732"}],"wp:attachment":[{"href":"https:\/\/jms.com.bo\/mediamonitor\/wp-json\/wp\/v2\/media?parent=75731"}],"wp:term":[{"taxonomy":"category","embeddable":true,"href":"https:\/\/jms.com.bo\/mediamonitor\/wp-json\/wp\/v2\/categories?post=75731"},{"taxonomy":"post_tag","embeddable":true,"href":"https:\/\/jms.com.bo\/mediamonitor\/wp-json\/wp\/v2\/tags?post=75731"}],"curies":[{"name":"wp","href":"https:\/\/api.w.org\/{rel}","templated":true}]}}