{"id":75733,"date":"2025-04-11T06:47:11","date_gmt":"2025-04-11T10:47:11","guid":{"rendered":"https:\/\/jms.com.bo\/mediamonitor\/2025\/04\/11\/salud-santa-cruz-continua-en-paro-pese-a-que-la-paz-y-cochabamba-levantaron-medidas\/"},"modified":"2025-04-11T06:47:50","modified_gmt":"2025-04-11T10:47:50","slug":"salud-santa-cruz-continua-en-paro-pese-a-que-la-paz-y-cochabamba-levantaron-medidas","status":"publish","type":"post","link":"https:\/\/jms.com.bo\/mediamonitor\/2025\/04\/11\/salud-santa-cruz-continua-en-paro-pese-a-que-la-paz-y-cochabamba-levantaron-medidas\/","title":{"rendered":"Salud: Santa Cruz contin\u00faa en paro pese a que La Paz y Cochabamba levantaron medidas"},"content":{"rendered":"<p style=\"text-align: justify;\">Por segundo d\u00eda consecutivo, los centros de salud y nosocomios de Santa Cruz permanecen sin atenci\u00f3n m\u00e9dica externa debido al paro nacional convocado por los trabajadores en salud que demandan el pago del bono de vacunaci\u00f3n, entre otras solicitudes. En primera instancia la movilizaci\u00f3n era a nivel nacional, sin embargo, La Paz y Cochabamba levantaron sus medidas de presi\u00f3n y reactivaron la atenci\u00f3n para la ciudadan\u00eda.<\/p>\n<p style=\"text-align: justify;\">El paro de 48 horas comenz\u00f3 el mi\u00e9rcoles, con mayor incidencia en la capital oriental y en la urbe cochabambina.<\/p>\n<p style=\"text-align: justify;\">La Paz y Cochabamba<br \/>\nCochabamba volvi\u00f3 a atender con normalidad a la poblaci\u00f3n tras firmar un acuerdo con la gobernaci\u00f3n, para que ese beneficio se efectivice hasta el mes de julio.<\/p>\n<p style=\"text-align: justify;\">Los centros hospitalarios en esa ciudad rehabilitaron la atenci\u00f3n e incluso aument\u00f3 la concurrencia de la gente que se dio cita desde la madrugada para recabar las fichas correspondientes.<\/p>\n<p style=\"text-align: justify;\">La atenci\u00f3n en La Paz fue normal, el Hospital de Cl\u00ednicas de Miraflores atendi\u00f3 desde las primeras horas del mi\u00e9rcoles. Tanto en consulta externa como urgencias. Sus representantes informaron que hab\u00eda un compromiso de pago por parte de las autoridades.<\/p>\n<p style=\"text-align: justify;\">Huelga de hambre<br \/>\nParalelamente a la demanda por el pago del vi\u00e1tico de vacunaci\u00f3n, en Santa Cruz los afiliados a la Federaci\u00f3n de Sindicatos de Ramas M\u00e9dicas de Salud P\u00fablica (Fesirmes) instalaron una huelga de hambre frente a la Quinta Municipal.<\/p>\n<p style=\"text-align: justify;\">Este sector tambi\u00e9n reclama al Gobierno Aut\u00f3nomo Municipal de Santa Cruz la renovaci\u00f3n de contratos, as\u00ed como el pago de otros beneficios sociales.<\/p>\n<p style=\"text-align: justify;\">\u201cIniciamos esta huelga ante la irresponsabilidad de esta Alcald\u00eda que no le interesa la salud del pueblo. Menos la de los trabajadores\u201d, enfatiz\u00f3 el dirigente Robert Hurtado.<\/p>\n<p style=\"text-align: justify;\">Entretanto, el Comit\u00e9 pro Santa Cruz llam\u00f3 a las autoridades de los tres niveles del departamento a reunirse. Con el fin tratar la crisis en salud que aflige a la regi\u00f3n.<\/p>\n<p style=\"text-align: justify;\">Im\u00e1genes de medios de comunicaci\u00f3n difundidas el pasado fin de semana mostraban una atenci\u00f3n precaria en hospitales de esa urbe oriental. Con pacientes en el piso de las salas de urgencia y pasillos por hacinamiento, as\u00ed como filas interminables para consulta externa.<\/p>\n","protected":false},"excerpt":{"rendered":"<p>Por segundo d\u00eda consecutivo, los centros de salud y nosocomios de Santa Cruz permanecen sin atenci\u00f3n m\u00e9dica externa debido al paro nacional convocado por los trabajadores en salud que demandan el pago del bono de vacunaci\u00f3n, entre otras solicitudes. En primera instancia la movilizaci\u00f3n era a nivel nacional, sin embargo, La Paz y Cochabamba levantaron [&hellip;]<\/p>\n","protected":false},"author":4,"featured_media":75734,"comment_status":"open","ping_status":"closed","sticky":false,"template":"","format":"standard","meta":{"footnotes":""},"categories":[49],"tags":[],"class_list":{"0":"post-75733","1":"post","2":"type-post","3":"status-publish","4":"format-standard","5":"has-post-thumbnail","7":"category-social"},"_links":{"self":[{"href":"https:\/\/jms.com.bo\/mediamonitor\/wp-json\/wp\/v2\/posts\/75733","targetHints":{"allow":["GET"]}}],"collection":[{"href":"https:\/\/jms.com.bo\/mediamonitor\/wp-json\/wp\/v2\/posts"}],"about":[{"href":"https:\/\/jms.com.bo\/mediamonitor\/wp-json\/wp\/v2\/types\/post"}],"author":[{"embeddable":true,"href":"https:\/\/jms.com.bo\/mediamonitor\/wp-json\/wp\/v2\/users\/4"}],"replies":[{"embeddable":true,"href":"https:\/\/jms.com.bo\/mediamonitor\/wp-json\/wp\/v2\/comments?post=75733"}],"version-history":[{"count":1,"href":"https:\/\/jms.com.bo\/mediamonitor\/wp-json\/wp\/v2\/posts\/75733\/revisions"}],"predecessor-version":[{"id":75735,"href":"https:\/\/jms.com.bo\/mediamonitor\/wp-json\/wp\/v2\/posts\/75733\/revisions\/75735"}],"wp:featuredmedia":[{"embeddable":true,"href":"https:\/\/jms.com.bo\/mediamonitor\/wp-json\/wp\/v2\/media\/75734"}],"wp:attachment":[{"href":"https:\/\/jms.com.bo\/mediamonitor\/wp-json\/wp\/v2\/media?parent=75733"}],"wp:term":[{"taxonomy":"category","embeddable":true,"href":"https:\/\/jms.com.bo\/mediamonitor\/wp-json\/wp\/v2\/categories?post=75733"},{"taxonomy":"post_tag","embeddable":true,"href":"https:\/\/jms.com.bo\/mediamonitor\/wp-json\/wp\/v2\/tags?post=75733"}],"curies":[{"name":"wp","href":"https:\/\/api.w.org\/{rel}","templated":true}]}}