{"id":75736,"date":"2025-04-11T06:49:05","date_gmt":"2025-04-11T10:49:05","guid":{"rendered":"https:\/\/jms.com.bo\/mediamonitor\/2025\/04\/11\/gobierno-reitera-llamado-al-dialogo-y-carniceros-insisten-en-reunirse-solo-con-arce\/"},"modified":"2025-04-11T06:49:05","modified_gmt":"2025-04-11T10:49:05","slug":"gobierno-reitera-llamado-al-dialogo-y-carniceros-insisten-en-reunirse-solo-con-arce","status":"publish","type":"post","link":"https:\/\/jms.com.bo\/mediamonitor\/2025\/04\/11\/gobierno-reitera-llamado-al-dialogo-y-carniceros-insisten-en-reunirse-solo-con-arce\/","title":{"rendered":"Gobierno reitera llamado al di\u00e1logo y carniceros insisten en reunirse solo con Arce"},"content":{"rendered":"<p style=\"text-align: justify;\">El Gobierno volvi\u00f3 a convocar al di\u00e1logo a la Confederaci\u00f3n Nacional de Trabajadores en Carne de Bolivia (Contracabol), que desde este jueves ingres\u00f3 en un paro en rechazo al aumento del precio de la carne y reiteraron que solo se reunir\u00e1n con el presidente Luis Arce.<\/p>\n<p style=\"text-align: justify;\">\u201cLlamamos a Contracabol para que puedan asistir a una reuni\u00f3n esta misma tarde o ma\u00f1ana a primera hora, con el fin de dialogar y encontrar una soluci\u00f3n al tema del precio de la carne para los consumidores. Y, si es necesario, como parte del Gobierno, estamos predispuestos a convocar a otros miembros del complejo productivo\u201d, sostuvo Luis Siles, viceministro de Pol\u00edticas de Industrializaci\u00f3n.<\/p>\n<p style=\"text-align: justify;\">Este mi\u00e9rcoles, los carniceros del pa\u00eds decidieron ingresar en paro con el objetivo de frenar el incremento en el precio de la carne de res. Se\u00f1alan que la medida de presi\u00f3n responde al incumplimiento de acuerdos previamente suscritos con el Gobierno, en los que se exig\u00eda la nivelaci\u00f3n de precios.<\/p>\n<p style=\"text-align: justify;\">Los trabajadores de la carne afirmaron que solo se reunir\u00e1n con el presidente Luis Arce. \u201cNo vamos a asistir al di\u00e1logo con otras personas que no sea el presidente Luis Arce\u201d, dijeron los carniceros que arribaron a La Paz con su protesta, la cual parti\u00f3 desde tempranas horas de la jornada desde El Alto.<\/p>\n<p style=\"text-align: justify;\">\u201cHemos convocado a esta reuni\u00f3n para se\u00f1alar que el Gobierno sigue abierto al di\u00e1logo. Seguimos esperando una respuesta positiva de los hermanos de Contracabol para que puedan dialogar, no solo con un ministerio, sino con todos los ministerios que conforman el comit\u00e9, ministerios involucrados en la seguridad alimentaria. Estamos haciendo esta invitaci\u00f3n para esperarlos esta tarde o el d\u00eda de ma\u00f1ana\u201d, finaliz\u00f3 Siles.<\/p>\n","protected":false},"excerpt":{"rendered":"<p>El Gobierno volvi\u00f3 a convocar al di\u00e1logo a la Confederaci\u00f3n Nacional de Trabajadores en Carne de Bolivia (Contracabol), que desde este jueves ingres\u00f3 en un paro en rechazo al aumento del precio de la carne y reiteraron que solo se reunir\u00e1n con el presidente Luis Arce. \u201cLlamamos a Contracabol para que puedan asistir a una [&hellip;]<\/p>\n","protected":false},"author":4,"featured_media":75737,"comment_status":"open","ping_status":"closed","sticky":false,"template":"","format":"standard","meta":{"footnotes":""},"categories":[49],"tags":[],"class_list":{"0":"post-75736","1":"post","2":"type-post","3":"status-publish","4":"format-standard","5":"has-post-thumbnail","7":"category-social"},"_links":{"self":[{"href":"https:\/\/jms.com.bo\/mediamonitor\/wp-json\/wp\/v2\/posts\/75736","targetHints":{"allow":["GET"]}}],"collection":[{"href":"https:\/\/jms.com.bo\/mediamonitor\/wp-json\/wp\/v2\/posts"}],"about":[{"href":"https:\/\/jms.com.bo\/mediamonitor\/wp-json\/wp\/v2\/types\/post"}],"author":[{"embeddable":true,"href":"https:\/\/jms.com.bo\/mediamonitor\/wp-json\/wp\/v2\/users\/4"}],"replies":[{"embeddable":true,"href":"https:\/\/jms.com.bo\/mediamonitor\/wp-json\/wp\/v2\/comments?post=75736"}],"version-history":[{"count":0,"href":"https:\/\/jms.com.bo\/mediamonitor\/wp-json\/wp\/v2\/posts\/75736\/revisions"}],"wp:featuredmedia":[{"embeddable":true,"href":"https:\/\/jms.com.bo\/mediamonitor\/wp-json\/wp\/v2\/media\/75737"}],"wp:attachment":[{"href":"https:\/\/jms.com.bo\/mediamonitor\/wp-json\/wp\/v2\/media?parent=75736"}],"wp:term":[{"taxonomy":"category","embeddable":true,"href":"https:\/\/jms.com.bo\/mediamonitor\/wp-json\/wp\/v2\/categories?post=75736"},{"taxonomy":"post_tag","embeddable":true,"href":"https:\/\/jms.com.bo\/mediamonitor\/wp-json\/wp\/v2\/tags?post=75736"}],"curies":[{"name":"wp","href":"https:\/\/api.w.org\/{rel}","templated":true}]}}