{"id":75779,"date":"2025-04-15T06:20:09","date_gmt":"2025-04-15T10:20:09","guid":{"rendered":"https:\/\/jms.com.bo\/mediamonitor\/2025\/04\/15\/transportistas-toman-peaje-en-la-guardia-y-exigen-mantenimiento-de-la-via-a-los-valles\/"},"modified":"2025-04-15T06:20:09","modified_gmt":"2025-04-15T10:20:09","slug":"transportistas-toman-peaje-en-la-guardia-y-exigen-mantenimiento-de-la-via-a-los-valles","status":"publish","type":"post","link":"https:\/\/jms.com.bo\/mediamonitor\/2025\/04\/15\/transportistas-toman-peaje-en-la-guardia-y-exigen-mantenimiento-de-la-via-a-los-valles\/","title":{"rendered":"Transportistas toman peaje en La Guardia y exigen mantenimiento de la v\u00eda a los valles"},"content":{"rendered":"<p style=\"text-align: justify;\">Transportistas del municipio de La Guardia tomaron de forma pac\u00edfica el peaje ubicado en el kil\u00f3metro 22 para exigir mantenimiento del tramo que conecta la ciudad de Santa Cruz con los valles cruce\u00f1os y otros departamentos como Cochabamba.<\/p>\n<p style=\"text-align: justify;\">Aunque el tr\u00e1nsito vehicular no ha sido interrumpido totalmente, los manifestantes impiden el cobro del peaje como medida de presi\u00f3n. La movilizaci\u00f3n comenz\u00f3 alrededor de las 10:00 y fue declarada indefinida por los dirigentes del transporte.<\/p>\n<p style=\"text-align: justify;\">\u201cLa carretera est\u00e1 abandonada, llena de baches y sin mantenimiento. No podemos seguir arriesgando nuestras vidas\u201d, denunci\u00f3 uno de los representantes de los transportistas.<\/p>\n<p style=\"text-align: justify;\">Los manifestantes exigen una respuesta concreta, aseguran que est\u00e1n cansados de solo promesas. \u201cNo nos vamos a mover hasta que nos den una soluci\u00f3n real. Queremos hechos, no discursos\u201d, enfatizaron los movilizados, quienes advierten que, si no se atienden sus demandas, las medidas podr\u00edan intensificarse en los pr\u00f3ximos d\u00edas.<\/p>\n<p style=\"text-align: justify;\">Hasta este lunes por la tarde ninguna autoridad ni municipal, departamental ni nacional se hizo presente en el lugar. Los transportistas piden la intervenci\u00f3n de los tres niveles de gobierno para encarar una soluci\u00f3n definitiva al problema.<\/p>\n","protected":false},"excerpt":{"rendered":"<p>Transportistas del municipio de La Guardia tomaron de forma pac\u00edfica el peaje ubicado en el kil\u00f3metro 22 para exigir mantenimiento del tramo que conecta la ciudad de Santa Cruz con los valles cruce\u00f1os y otros departamentos como Cochabamba. Aunque el tr\u00e1nsito vehicular no ha sido interrumpido totalmente, los manifestantes impiden el cobro del peaje como [&hellip;]<\/p>\n","protected":false},"author":2,"featured_media":75780,"comment_status":"closed","ping_status":"open","sticky":false,"template":"","format":"standard","meta":{"footnotes":""},"categories":[49],"tags":[],"class_list":{"0":"post-75779","1":"post","2":"type-post","3":"status-publish","4":"format-standard","5":"has-post-thumbnail","7":"category-social"},"_links":{"self":[{"href":"https:\/\/jms.com.bo\/mediamonitor\/wp-json\/wp\/v2\/posts\/75779","targetHints":{"allow":["GET"]}}],"collection":[{"href":"https:\/\/jms.com.bo\/mediamonitor\/wp-json\/wp\/v2\/posts"}],"about":[{"href":"https:\/\/jms.com.bo\/mediamonitor\/wp-json\/wp\/v2\/types\/post"}],"author":[{"embeddable":true,"href":"https:\/\/jms.com.bo\/mediamonitor\/wp-json\/wp\/v2\/users\/2"}],"replies":[{"embeddable":true,"href":"https:\/\/jms.com.bo\/mediamonitor\/wp-json\/wp\/v2\/comments?post=75779"}],"version-history":[{"count":0,"href":"https:\/\/jms.com.bo\/mediamonitor\/wp-json\/wp\/v2\/posts\/75779\/revisions"}],"wp:featuredmedia":[{"embeddable":true,"href":"https:\/\/jms.com.bo\/mediamonitor\/wp-json\/wp\/v2\/media\/75780"}],"wp:attachment":[{"href":"https:\/\/jms.com.bo\/mediamonitor\/wp-json\/wp\/v2\/media?parent=75779"}],"wp:term":[{"taxonomy":"category","embeddable":true,"href":"https:\/\/jms.com.bo\/mediamonitor\/wp-json\/wp\/v2\/categories?post=75779"},{"taxonomy":"post_tag","embeddable":true,"href":"https:\/\/jms.com.bo\/mediamonitor\/wp-json\/wp\/v2\/tags?post=75779"}],"curies":[{"name":"wp","href":"https:\/\/api.w.org\/{rel}","templated":true}]}}