{"id":75781,"date":"2025-04-15T06:22:19","date_gmt":"2025-04-15T10:22:19","guid":{"rendered":"https:\/\/jms.com.bo\/mediamonitor\/2025\/04\/15\/toda-esta-semana-santa-cruz-no-tendra-atencion-medica-por-un-paro-de-96-horas\/"},"modified":"2025-04-15T06:22:19","modified_gmt":"2025-04-15T10:22:19","slug":"toda-esta-semana-santa-cruz-no-tendra-atencion-medica-por-un-paro-de-96-horas","status":"publish","type":"post","link":"https:\/\/jms.com.bo\/mediamonitor\/2025\/04\/15\/toda-esta-semana-santa-cruz-no-tendra-atencion-medica-por-un-paro-de-96-horas\/","title":{"rendered":"Toda esta semana Santa Cruz no tendr\u00e1 atenci\u00f3n m\u00e9dica por un paro de 96 horas"},"content":{"rendered":"<p style=\"text-align: justify;\">Los trabajadores en Salud de Santa Cruz iniciaron este lunes otro paro de actividades en esa urbe, que dejar\u00e1 a la poblaci\u00f3n sin atenci\u00f3n m\u00e9dica durante toda la semana, en demanda del bono de vacunaci\u00f3n y otras solicitudes a las autoridades cruce\u00f1as.<\/p>\n<p style=\"text-align: justify;\">Los trabajadores agremiados a la Federaci\u00f3n Sindical de Trabajadores en Salud P\u00fablica de Santa Cruz (Fesirmes) ingresaron en un paro de 96 horas, poque consideran que la intransigencia de sus autoridades hace que tomen medidas m\u00e1s rigurosas en torno a sus derechos.<\/p>\n<p style=\"text-align: justify;\">Los hospitales de primer, segundo y tercer nivel, as\u00ed como centros de salud no atender\u00e1n consultas externas desde este lunes al jueves y como el viernes es feriado por Semana Santa, no habr\u00e1 atenci\u00f3n en salud durante toda la semana.<\/p>\n<p style=\"text-align: justify;\">El septenario anterior, la poblaci\u00f3n se vio privada de tres d\u00edas sin servicio en salud con paros el lunes, mi\u00e9rcoles y jueves.<\/p>\n<p style=\"text-align: justify;\">Sin atenci\u00f3n m\u00e9dica<br \/>\nAdem\u00e1s, los representantes del sector movilizado confirmaron que se mantiene el piquete de huelga de hambre. En el que a\u00fan permanecen entre 40 a 45 personas.<\/p>\n<p style=\"text-align: justify;\">Entre las demandas del pliego petitorio tambi\u00e9n destacan mejores condiciones para la salud, ampliaci\u00f3n de infraestructura, recontrataci\u00f3n de personal. As\u00ed como el rechazo al proyecto de ley 163-24, que seg\u00fan el sector propone la eliminaci\u00f3n de la categor\u00eda profesional, b\u00e1sica y escalaf\u00f3n para los profesionales en salud.<\/p>\n<p style=\"text-align: justify;\">Entretanto, la gente pide a las autoridades dar soluci\u00f3n a la crisis de salud, que priva a la poblaci\u00f3n de recibir atenci\u00f3n m\u00e9dica; muchos se\u00f1alan que tienen pruebas de laboratorio programadas y cirug\u00edas hace semanas.<\/p>\n<p style=\"text-align: justify;\">Pese al anuncio de los trabajadores en salud, largas filas se formaron en puertas de los hospitales de Santa Cruz. Para recabar fichas de atenci\u00f3n externa.<\/p>\n","protected":false},"excerpt":{"rendered":"<p>Los trabajadores en Salud de Santa Cruz iniciaron este lunes otro paro de actividades en esa urbe, que dejar\u00e1 a la poblaci\u00f3n sin atenci\u00f3n m\u00e9dica durante toda la semana, en demanda del bono de vacunaci\u00f3n y otras solicitudes a las autoridades cruce\u00f1as. Los trabajadores agremiados a la Federaci\u00f3n Sindical de Trabajadores en Salud P\u00fablica de [&hellip;]<\/p>\n","protected":false},"author":2,"featured_media":75782,"comment_status":"closed","ping_status":"open","sticky":false,"template":"","format":"standard","meta":{"footnotes":""},"categories":[49],"tags":[],"class_list":{"0":"post-75781","1":"post","2":"type-post","3":"status-publish","4":"format-standard","5":"has-post-thumbnail","7":"category-social"},"_links":{"self":[{"href":"https:\/\/jms.com.bo\/mediamonitor\/wp-json\/wp\/v2\/posts\/75781","targetHints":{"allow":["GET"]}}],"collection":[{"href":"https:\/\/jms.com.bo\/mediamonitor\/wp-json\/wp\/v2\/posts"}],"about":[{"href":"https:\/\/jms.com.bo\/mediamonitor\/wp-json\/wp\/v2\/types\/post"}],"author":[{"embeddable":true,"href":"https:\/\/jms.com.bo\/mediamonitor\/wp-json\/wp\/v2\/users\/2"}],"replies":[{"embeddable":true,"href":"https:\/\/jms.com.bo\/mediamonitor\/wp-json\/wp\/v2\/comments?post=75781"}],"version-history":[{"count":0,"href":"https:\/\/jms.com.bo\/mediamonitor\/wp-json\/wp\/v2\/posts\/75781\/revisions"}],"wp:featuredmedia":[{"embeddable":true,"href":"https:\/\/jms.com.bo\/mediamonitor\/wp-json\/wp\/v2\/media\/75782"}],"wp:attachment":[{"href":"https:\/\/jms.com.bo\/mediamonitor\/wp-json\/wp\/v2\/media?parent=75781"}],"wp:term":[{"taxonomy":"category","embeddable":true,"href":"https:\/\/jms.com.bo\/mediamonitor\/wp-json\/wp\/v2\/categories?post=75781"},{"taxonomy":"post_tag","embeddable":true,"href":"https:\/\/jms.com.bo\/mediamonitor\/wp-json\/wp\/v2\/tags?post=75781"}],"curies":[{"name":"wp","href":"https:\/\/api.w.org\/{rel}","templated":true}]}}