{"id":75783,"date":"2025-04-15T06:23:57","date_gmt":"2025-04-15T10:23:57","guid":{"rendered":"https:\/\/jms.com.bo\/mediamonitor\/2025\/04\/15\/extrabajadores-de-sabsa-sobre-montano-debe-cumplirse-el-mandamiento-de-apremio-si-no-hace-efectivo-el-pago-de-los-bs-55-millones\/"},"modified":"2025-04-15T06:23:57","modified_gmt":"2025-04-15T10:23:57","slug":"extrabajadores-de-sabsa-sobre-montano-debe-cumplirse-el-mandamiento-de-apremio-si-no-hace-efectivo-el-pago-de-los-bs-55-millones","status":"publish","type":"post","link":"https:\/\/jms.com.bo\/mediamonitor\/2025\/04\/15\/extrabajadores-de-sabsa-sobre-montano-debe-cumplirse-el-mandamiento-de-apremio-si-no-hace-efectivo-el-pago-de-los-bs-55-millones\/","title":{"rendered":"Extrabajadores de Sabsa sobre Monta\u00f1o: \u201cDebe cumplirse el mandamiento de apremio, si no hace efectivo el pago de los Bs 55 millones\u201d"},"content":{"rendered":"<p style=\"text-align: justify;\">Los extrabajadores de Servicios de Aeropuertos Bolivianos S. A. (SABSA), por intermedio de su abogado Jos\u00e9 Antonio Mozza, exigieron que se cumpla la orden de apremio emitida por la justicia contra el ministro de Obras P\u00fablicas, \u00c9dgar Monta\u00f1o Rojas, en caso de no pagar la deuda de Bs 55.189.880, correspondiente a diferencias salariales de los demandantes.<\/p>\n<p style=\"text-align: justify;\">La orden fue dictada por el Juzgado de Trabajo y Seguridad Social Primero de Yapacan\u00ed, ante el incumplimiento del pago de Bs 55.189.880 por concepto de diferencia salarial, fallo que se encuentra ejecutoriado desde 2015. Seg\u00fan Mozza, el dinero debi\u00f3 ser transferido desde hace a\u00f1os, pues fue descontado del paquete accionario de la empresa espa\u00f1ola Abertis S. A. cuando el Estado nacionaliz\u00f3 SABSA en 2013.<\/p>\n<p style=\"text-align: justify;\">\u201cNo hay m\u00e1s instancias. Ya se agotaron todos los recursos y el Estado sigue sin pagar. Ahora corresponde que se ejecute la orden y se haga efectivo el pago\u201d, sostuvo el abogado en contacto con EL DEBER.<\/p>\n<p style=\"text-align: justify;\">El proceso comenz\u00f3 en 2011, cuando trabajadores de los aeropuertos El Alto, Viru Viru y Jorge Wilstermann demandaron al Estado por discriminaci\u00f3n salarial: empleados con el mismo cargo recib\u00edan sueldos diferentes seg\u00fan la ciudad en la que trabajaban.<\/p>\n<p style=\"text-align: justify;\">El Tribunal Supremo de Justicia, en 2022, ratific\u00f3 la sentencia a favor de los trabajadores, declarando infundado el \u00faltimo recurso de casaci\u00f3n interpuesto por el Ministerio de Obras P\u00fablicas y la Procuradur\u00eda.<\/p>\n<p style=\"text-align: justify;\">Mozza advirti\u00f3 que el incumplimiento ha sido sistem\u00e1tico y deliberado. \u201cHan convocado a supuestas conciliaciones, pese a que en materia laboral no existe esa etapa. Ni siquiera instalaron las reuniones. Todo ha sido una estrategia para dilatar y no pagar\u201d, se\u00f1al\u00f3.<\/p>\n<p style=\"text-align: justify;\">El mandamiento de apremio obliga al ministro Monta\u00f1o a cumplir con el pago bajo riesgo de detenci\u00f3n y arraigo, al ser el principal representante del Estado, en calidad de accionista mayoritario (99,995%) de Sabsa.<\/p>\n<p style=\"text-align: justify;\">Adem\u00e1s, la deuda podr\u00eda aumentar. \u201cSe debe aplicar la indexaci\u00f3n por el tiempo de demora, y eso no es culpa de los trabajadores, sino de la persistente negativa del Estado\u201d, agreg\u00f3 Mozza.<\/p>\n<p style=\"text-align: justify;\">Cabe destacar que este proceso es independiente de otro juicio paralelo iniciado por un grupo diferente de extrabajadores \u2014aproximadamente 300\u2014 que reclaman el pago de beneficios sociales, acumulando as\u00ed una presi\u00f3n doble sobre el Ministerio de Obras P\u00fablicas.<\/p>\n<p style=\"text-align: justify;\">La sentencia est\u00e1 respaldada por el Decreto Supremo 1494, que establece que los pasivos laborales de Sabsa deb\u00edan ser cubiertos con parte del precio de las acciones transferidas al Estado. \u201cEse dinero ya fue descontado. No se trata de un gasto nuevo. Solo tienen que entregarlo a quienes les corresponde\u201d, enfatiz\u00f3 Mozza.<\/p>\n<p style=\"text-align: justify;\">Este lunes, el ministro Monta\u00f1o se ecuentra en Tarija, acompa\u00f1ando al presidente, Luis Arce, en los actos protocolares por el aniversario de ese departamento.<\/p>\n","protected":false},"excerpt":{"rendered":"<p>Los extrabajadores de Servicios de Aeropuertos Bolivianos S. A. (SABSA), por intermedio de su abogado Jos\u00e9 Antonio Mozza, exigieron que se cumpla la orden de apremio emitida por la justicia contra el ministro de Obras P\u00fablicas, \u00c9dgar Monta\u00f1o Rojas, en caso de no pagar la deuda de Bs 55.189.880, correspondiente a diferencias salariales de los [&hellip;]<\/p>\n","protected":false},"author":2,"featured_media":75784,"comment_status":"closed","ping_status":"open","sticky":false,"template":"","format":"standard","meta":{"footnotes":""},"categories":[1],"tags":[],"class_list":{"0":"post-75783","1":"post","2":"type-post","3":"status-publish","4":"format-standard","5":"has-post-thumbnail","7":"category-uncategorized"},"_links":{"self":[{"href":"https:\/\/jms.com.bo\/mediamonitor\/wp-json\/wp\/v2\/posts\/75783","targetHints":{"allow":["GET"]}}],"collection":[{"href":"https:\/\/jms.com.bo\/mediamonitor\/wp-json\/wp\/v2\/posts"}],"about":[{"href":"https:\/\/jms.com.bo\/mediamonitor\/wp-json\/wp\/v2\/types\/post"}],"author":[{"embeddable":true,"href":"https:\/\/jms.com.bo\/mediamonitor\/wp-json\/wp\/v2\/users\/2"}],"replies":[{"embeddable":true,"href":"https:\/\/jms.com.bo\/mediamonitor\/wp-json\/wp\/v2\/comments?post=75783"}],"version-history":[{"count":0,"href":"https:\/\/jms.com.bo\/mediamonitor\/wp-json\/wp\/v2\/posts\/75783\/revisions"}],"wp:featuredmedia":[{"embeddable":true,"href":"https:\/\/jms.com.bo\/mediamonitor\/wp-json\/wp\/v2\/media\/75784"}],"wp:attachment":[{"href":"https:\/\/jms.com.bo\/mediamonitor\/wp-json\/wp\/v2\/media?parent=75783"}],"wp:term":[{"taxonomy":"category","embeddable":true,"href":"https:\/\/jms.com.bo\/mediamonitor\/wp-json\/wp\/v2\/categories?post=75783"},{"taxonomy":"post_tag","embeddable":true,"href":"https:\/\/jms.com.bo\/mediamonitor\/wp-json\/wp\/v2\/tags?post=75783"}],"curies":[{"name":"wp","href":"https:\/\/api.w.org\/{rel}","templated":true}]}}