{"id":75785,"date":"2025-04-15T06:26:07","date_gmt":"2025-04-15T10:26:07","guid":{"rendered":"https:\/\/jms.com.bo\/mediamonitor\/2025\/04\/15\/milei-senala-a-bolivia-como-ejemplo-del-limite-material-del-socialismo\/"},"modified":"2025-04-15T06:26:07","modified_gmt":"2025-04-15T10:26:07","slug":"milei-senala-a-bolivia-como-ejemplo-del-limite-material-del-socialismo","status":"publish","type":"post","link":"https:\/\/jms.com.bo\/mediamonitor\/2025\/04\/15\/milei-senala-a-bolivia-como-ejemplo-del-limite-material-del-socialismo\/","title":{"rendered":"Milei se\u00f1ala a Bolivia como ejemplo del \u2018l\u00edmite material del socialismo\u2019"},"content":{"rendered":"<p style=\"text-align: justify;\">En un discurso centrado en los efectos del socialismo en Am\u00e9rica Latina, el presidente argentino, Javier Milei, incluy\u00f3 a Bolivia en su cr\u00edtica, afirmando que el pa\u00eds \u201cencontr\u00f3 el l\u00edmite material de su modelo socialista\u201d y \u201cpaulatinamente se est\u00e1 deteriorando\u201d.<\/p>\n<p style=\"text-align: justify;\">Las declaraciones, emitidas este lunes durante un an\u00e1lisis geopol\u00edtico, compararon la situaci\u00f3n boliviana con la de Venezuela, pa\u00eds que calific\u00f3 como \u201cuna gran villa miseria y c\u00e1rcel a cielo abierto\u201d.<\/p>\n<p style=\"text-align: justify;\">Milei, l\u00edder libertario que impulsa un ajuste neoliberal en Argentina, atribuy\u00f3 los problemas regionales a \u201cpol\u00edticas socialistas disfrazadas de nacionalismo ret\u00f3rico\u201d.<\/p>\n<p style=\"text-align: justify;\">Bolivia<br \/>\nSus palabras llegan en un contexto donde Bolivia enfrenta desaf\u00edos econ\u00f3micos cr\u00edticos, debido a que las Reservas Internacionales Netas (RIN) se encuentra en m\u00ednimos hist\u00f3rico, debido a la ca\u00edda en las exportaciones de gas natural en los \u00faltimos a\u00f1os.<\/p>\n<p style=\"text-align: justify;\">La situaci\u00f3n gener\u00f3 que el pa\u00eds atraviesa, desde hace dos a\u00f1os, una escasez de d\u00f3lares que afecta a todos los sectores. Igualmente, en los \u00faltimos meses la distribuci\u00f3n de combustibles es irregular, debido a la falta de divisas para importar.<\/p>\n<p style=\"text-align: justify;\">Paralelamente, la inflaci\u00f3n se dispar\u00f3, llegando a 9,97% en el total acumulado durante la gesti\u00f3n 2024.<\/p>\n<p style=\"text-align: justify;\">Para Milei, el modelo econ\u00f3mico del Movimiento Al Socialismo (MAS), que gobierna el pa\u00eds hace 20 a\u00f1os, incluye un \u201cnacionalismo meramente ret\u00f3rico\u201d, debido a que la nacionalizaci\u00f3n de algunos recursos y programas de subsidio ahora est\u00e1n trayendo consecuencias a la sociedad.<\/p>\n<p style=\"text-align: justify;\">Pese a las cr\u00edticas, el gobierno de Luis Arce insiste en que el \u201cmodelo econ\u00f3mico social comunitario\u201d redujo la pobreza extrema y que logr\u00f3 redistribuir mejor la riqueza.<\/p>\n<p style=\"text-align: justify;\">Paralelamente a sus declaraciones, Milei avanz\u00f3 en su agenda promercado al iniciar conversaciones formales con Estados Unidos para mejorar condiciones comerciales bilaterales.<\/p>\n<p style=\"text-align: justify;\">Hasta el cierre de esta nota, ninguna autoridad del Gobierno no se pronunci\u00f3 sobre las cr\u00edticas del presidente de Argentina, pa\u00eds que tambi\u00e9n atraviesa una coyuntura econ\u00f3mica complicada.<\/p>\n","protected":false},"excerpt":{"rendered":"<p>En un discurso centrado en los efectos del socialismo en Am\u00e9rica Latina, el presidente argentino, Javier Milei, incluy\u00f3 a Bolivia en su cr\u00edtica, afirmando que el pa\u00eds \u201cencontr\u00f3 el l\u00edmite material de su modelo socialista\u201d y \u201cpaulatinamente se est\u00e1 deteriorando\u201d. Las declaraciones, emitidas este lunes durante un an\u00e1lisis geopol\u00edtico, compararon la situaci\u00f3n boliviana con la [&hellip;]<\/p>\n","protected":false},"author":2,"featured_media":75786,"comment_status":"closed","ping_status":"open","sticky":false,"template":"","format":"standard","meta":{"footnotes":""},"categories":[20],"tags":[],"class_list":{"0":"post-75785","1":"post","2":"type-post","3":"status-publish","4":"format-standard","5":"has-post-thumbnail","7":"category-actualidad"},"_links":{"self":[{"href":"https:\/\/jms.com.bo\/mediamonitor\/wp-json\/wp\/v2\/posts\/75785","targetHints":{"allow":["GET"]}}],"collection":[{"href":"https:\/\/jms.com.bo\/mediamonitor\/wp-json\/wp\/v2\/posts"}],"about":[{"href":"https:\/\/jms.com.bo\/mediamonitor\/wp-json\/wp\/v2\/types\/post"}],"author":[{"embeddable":true,"href":"https:\/\/jms.com.bo\/mediamonitor\/wp-json\/wp\/v2\/users\/2"}],"replies":[{"embeddable":true,"href":"https:\/\/jms.com.bo\/mediamonitor\/wp-json\/wp\/v2\/comments?post=75785"}],"version-history":[{"count":0,"href":"https:\/\/jms.com.bo\/mediamonitor\/wp-json\/wp\/v2\/posts\/75785\/revisions"}],"wp:featuredmedia":[{"embeddable":true,"href":"https:\/\/jms.com.bo\/mediamonitor\/wp-json\/wp\/v2\/media\/75786"}],"wp:attachment":[{"href":"https:\/\/jms.com.bo\/mediamonitor\/wp-json\/wp\/v2\/media?parent=75785"}],"wp:term":[{"taxonomy":"category","embeddable":true,"href":"https:\/\/jms.com.bo\/mediamonitor\/wp-json\/wp\/v2\/categories?post=75785"},{"taxonomy":"post_tag","embeddable":true,"href":"https:\/\/jms.com.bo\/mediamonitor\/wp-json\/wp\/v2\/tags?post=75785"}],"curies":[{"name":"wp","href":"https:\/\/api.w.org\/{rel}","templated":true}]}}