{"id":75787,"date":"2025-04-15T06:30:13","date_gmt":"2025-04-15T10:30:13","guid":{"rendered":"https:\/\/jms.com.bo\/mediamonitor\/2025\/04\/15\/gobierno-confirma-este-viernes-como-feriado-nacional-por-semana-santa-y-horario-continuo-el-jueves\/"},"modified":"2025-04-15T06:30:13","modified_gmt":"2025-04-15T10:30:13","slug":"gobierno-confirma-este-viernes-como-feriado-nacional-por-semana-santa-y-horario-continuo-el-jueves","status":"publish","type":"post","link":"https:\/\/jms.com.bo\/mediamonitor\/2025\/04\/15\/gobierno-confirma-este-viernes-como-feriado-nacional-por-semana-santa-y-horario-continuo-el-jueves\/","title":{"rendered":"Gobierno confirma este viernes como feriado nacional por Semana Santa y horario continuo el jueves"},"content":{"rendered":"<p style=\"text-align: justify;\">El Ministerio de Trabajo record\u00f3 este mi\u00e9rcoles que el pr\u00f3ximo viernes 18 de abril ser\u00e1 feriado nacional con suspensi\u00f3n de actividades p\u00fablicas y privadas, en conmemoraci\u00f3n del Viernes Santo, una de las fechas m\u00e1s importantes del calendario religioso boliviano. Adem\u00e1s, se dispuso que el jueves 17 de abril la jornada laboral se desarrollar\u00e1 en horario continuo hasta las 16:30.<\/p>\n<p style=\"text-align: justify;\">As\u00ed lo establece el comunicado 0009\/2025 emitido por esa cartera de Estado, en cumplimiento del Decreto Supremo N\u00b0 2750 , que dispone esta pausa laboral anual por Semana Santa. El ministro de Trabajo, Erland Rodr\u00edguez, precis\u00f3 que esta disposici\u00f3n alcanza a todas las instituciones p\u00fablicas y que, en el caso de empresas privadas, la modalidad de horario continuo deber\u00e1 definirse de com\u00fan acuerdo entre trabajadores, considerando sus particularidades y modalidades de sus tareas.<\/p>\n<p style=\"text-align: justify;\">\u201cLa jornada laboral del jueves se realizar\u00e1 en horario continuo hasta las 16:30 y el viernes ser\u00e1 feriado nacional, tanto en el sector p\u00fablico como privado\u201d, inform\u00f3 Rodr\u00edguez.<\/p>\n<p style=\"text-align: justify;\">Durante la Semana Santa, miles de familias bolivianas mantienen tradiciones arraigadas como la visita a 12 templos cat\u00f3licos el Jueves Santo, el ayuno de los viernes de Cuaresma , la procesi\u00f3n del Santo Sepulcro y la tradicional degustaci\u00f3n de 12 platos sin carnes rojas.<\/p>\n","protected":false},"excerpt":{"rendered":"<p>El Ministerio de Trabajo record\u00f3 este mi\u00e9rcoles que el pr\u00f3ximo viernes 18 de abril ser\u00e1 feriado nacional con suspensi\u00f3n de actividades p\u00fablicas y privadas, en conmemoraci\u00f3n del Viernes Santo, una de las fechas m\u00e1s importantes del calendario religioso boliviano. Adem\u00e1s, se dispuso que el jueves 17 de abril la jornada laboral se desarrollar\u00e1 en horario [&hellip;]<\/p>\n","protected":false},"author":2,"featured_media":75788,"comment_status":"closed","ping_status":"open","sticky":false,"template":"","format":"standard","meta":{"footnotes":""},"categories":[20],"tags":[],"class_list":{"0":"post-75787","1":"post","2":"type-post","3":"status-publish","4":"format-standard","5":"has-post-thumbnail","7":"category-actualidad"},"_links":{"self":[{"href":"https:\/\/jms.com.bo\/mediamonitor\/wp-json\/wp\/v2\/posts\/75787","targetHints":{"allow":["GET"]}}],"collection":[{"href":"https:\/\/jms.com.bo\/mediamonitor\/wp-json\/wp\/v2\/posts"}],"about":[{"href":"https:\/\/jms.com.bo\/mediamonitor\/wp-json\/wp\/v2\/types\/post"}],"author":[{"embeddable":true,"href":"https:\/\/jms.com.bo\/mediamonitor\/wp-json\/wp\/v2\/users\/2"}],"replies":[{"embeddable":true,"href":"https:\/\/jms.com.bo\/mediamonitor\/wp-json\/wp\/v2\/comments?post=75787"}],"version-history":[{"count":0,"href":"https:\/\/jms.com.bo\/mediamonitor\/wp-json\/wp\/v2\/posts\/75787\/revisions"}],"wp:featuredmedia":[{"embeddable":true,"href":"https:\/\/jms.com.bo\/mediamonitor\/wp-json\/wp\/v2\/media\/75788"}],"wp:attachment":[{"href":"https:\/\/jms.com.bo\/mediamonitor\/wp-json\/wp\/v2\/media?parent=75787"}],"wp:term":[{"taxonomy":"category","embeddable":true,"href":"https:\/\/jms.com.bo\/mediamonitor\/wp-json\/wp\/v2\/categories?post=75787"},{"taxonomy":"post_tag","embeddable":true,"href":"https:\/\/jms.com.bo\/mediamonitor\/wp-json\/wp\/v2\/tags?post=75787"}],"curies":[{"name":"wp","href":"https:\/\/api.w.org\/{rel}","templated":true}]}}