{"id":75791,"date":"2025-04-15T06:43:21","date_gmt":"2025-04-15T10:43:21","guid":{"rendered":"https:\/\/jms.com.bo\/mediamonitor\/2025\/04\/15\/la-alianza-libre-de-tuto-quiroga-sella-acuerdo-con-democratas-y-el-fri\/"},"modified":"2025-04-15T06:43:21","modified_gmt":"2025-04-15T10:43:21","slug":"la-alianza-libre-de-tuto-quiroga-sella-acuerdo-con-democratas-y-el-fri","status":"publish","type":"post","link":"https:\/\/jms.com.bo\/mediamonitor\/2025\/04\/15\/la-alianza-libre-de-tuto-quiroga-sella-acuerdo-con-democratas-y-el-fri\/","title":{"rendered":"La alianza Libre de Tuto Quiroga sella acuerdo con Dem\u00f3cratas y el FRI"},"content":{"rendered":"<p style=\"text-align: justify;\">De cara a las elecciones generales de agosto pr\u00f3ximo, la alianza Libre de Jorge Tuto Quiroga sell\u00f3 un acuerdo con Dem\u00f3cratas y el Frente Revolucionario de Izquierda (FRI).<\/p>\n<p style=\"text-align: justify;\">La firma del acuerdo se realiz\u00f3 la noche de este lunes en la ciudad de Santa Cruz, en un acto en que participaron Quiroga, Rub\u00e9n Costas (Dem\u00f3cratas) y \u00c9dgar Guzm\u00e1n (FRI).<\/p>\n<p style=\"text-align: justify;\">Durante su discurso, Quiroga rindi\u00f3 un homenaje a Mario Vargas Llosa, quien falleci\u00f3 el fin de semana en Lima, Per\u00fa.<\/p>\n<p style=\"text-align: justify;\">Adem\u00e1s, el l\u00edder de Libre advirti\u00f3 a sus aliados pol\u00edticos estar seguros de que empieza una labor \u201ctit\u00e1nica\u201d, rumbo a las elecciones generales previstas para el 17 de agosto.<\/p>\n<p style=\"text-align: justify;\">Luego de reconsiderar su apoyo a Quiroga, la semana pasada, Costas resalt\u00f3 que este acuerdo pol\u00edtico se da \u201csin cuoteo ni candidatos impuestos\u201d.<\/p>\n<p style=\"text-align: justify;\">\u201cNos estamos jugando la responsabilidad que tenemos como compatriotas, con nuestros hijos; sabemos cu\u00e1l es el verdadero adversario, cu\u00e1l es el verdadero enemigo que en estas dos d\u00e9cadas perversas han destruido a nuestro pa\u00eds\u201d, acot\u00f3 Costas.<\/p>\n<p style=\"text-align: justify;\">Tambi\u00e9n se\u00f1al\u00f3 que ser\u00e1 duro contagiar y transmitir a la gente que no s\u00f3lo es ganar las elecciones, sino tener un \u201cparlamento fuerte\u201d, para tener gobernabilidad.<\/p>\n","protected":false},"excerpt":{"rendered":"<p>De cara a las elecciones generales de agosto pr\u00f3ximo, la alianza Libre de Jorge Tuto Quiroga sell\u00f3 un acuerdo con Dem\u00f3cratas y el Frente Revolucionario de Izquierda (FRI). La firma del acuerdo se realiz\u00f3 la noche de este lunes en la ciudad de Santa Cruz, en un acto en que participaron Quiroga, Rub\u00e9n Costas (Dem\u00f3cratas) [&hellip;]<\/p>\n","protected":false},"author":2,"featured_media":4852,"comment_status":"closed","ping_status":"open","sticky":false,"template":"","format":"standard","meta":{"footnotes":""},"categories":[18],"tags":[],"class_list":{"0":"post-75791","1":"post","2":"type-post","3":"status-publish","4":"format-standard","5":"has-post-thumbnail","7":"category-politica"},"_links":{"self":[{"href":"https:\/\/jms.com.bo\/mediamonitor\/wp-json\/wp\/v2\/posts\/75791","targetHints":{"allow":["GET"]}}],"collection":[{"href":"https:\/\/jms.com.bo\/mediamonitor\/wp-json\/wp\/v2\/posts"}],"about":[{"href":"https:\/\/jms.com.bo\/mediamonitor\/wp-json\/wp\/v2\/types\/post"}],"author":[{"embeddable":true,"href":"https:\/\/jms.com.bo\/mediamonitor\/wp-json\/wp\/v2\/users\/2"}],"replies":[{"embeddable":true,"href":"https:\/\/jms.com.bo\/mediamonitor\/wp-json\/wp\/v2\/comments?post=75791"}],"version-history":[{"count":0,"href":"https:\/\/jms.com.bo\/mediamonitor\/wp-json\/wp\/v2\/posts\/75791\/revisions"}],"wp:featuredmedia":[{"embeddable":true,"href":"https:\/\/jms.com.bo\/mediamonitor\/wp-json\/wp\/v2\/media\/4852"}],"wp:attachment":[{"href":"https:\/\/jms.com.bo\/mediamonitor\/wp-json\/wp\/v2\/media?parent=75791"}],"wp:term":[{"taxonomy":"category","embeddable":true,"href":"https:\/\/jms.com.bo\/mediamonitor\/wp-json\/wp\/v2\/categories?post=75791"},{"taxonomy":"post_tag","embeddable":true,"href":"https:\/\/jms.com.bo\/mediamonitor\/wp-json\/wp\/v2\/tags?post=75791"}],"curies":[{"name":"wp","href":"https:\/\/api.w.org\/{rel}","templated":true}]}}