{"id":75792,"date":"2025-04-15T06:44:49","date_gmt":"2025-04-15T10:44:49","guid":{"rendered":"https:\/\/jms.com.bo\/mediamonitor\/2025\/04\/15\/chi-confirma-que-ira-por-separado-de-la-sigla-de-reyes-villa-en-el-proceso-electoral\/"},"modified":"2025-04-15T06:44:49","modified_gmt":"2025-04-15T10:44:49","slug":"chi-confirma-que-ira-por-separado-de-la-sigla-de-reyes-villa-en-el-proceso-electoral","status":"publish","type":"post","link":"https:\/\/jms.com.bo\/mediamonitor\/2025\/04\/15\/chi-confirma-que-ira-por-separado-de-la-sigla-de-reyes-villa-en-el-proceso-electoral\/","title":{"rendered":"Chi confirma que ir\u00e1 por separado de la sigla de Reyes Villa en el proceso electoral"},"content":{"rendered":"<p style=\"text-align: justify;\">El precandidato de oposici\u00f3n Chi Hyun Chung confirm\u00f3 que ir\u00e1 por separado de la sigla de S\u00famate APB, de Manfred Reyes Villa. La decisi\u00f3n se asumi\u00f3 este lunes luego de que ambos pol\u00edticos tuvieran una reuni\u00f3n en Santa Cruz.<\/p>\n<p style=\"text-align: justify;\">\u201cHoy hemos decidido de que cada uno inscribe con su propia sigla y despu\u00e9s en el camino vamos a hacer algunas otras reuniones t\u00e9cnicas que sean necesarias\u201d, indic\u00f3 el precandidato.<\/p>\n<p style=\"text-align: justify;\">El 18 de marzo, Reyes Villa y Chi suscribieron una alianza de cara a las elecciones generales, en el que se acord\u00f3 definir mediante una encuesta la candidatura a la Presidencia.<\/p>\n<p style=\"text-align: justify;\">En los \u00faltimos d\u00edas, la tensi\u00f3n de dicha alianza creci\u00f3 luego de que ambos pol\u00edticos indicaron que no les interesa la candidatura a la Vicepresidencia y que apuntar\u00e1n a la Presidencia en los comicios.<\/p>\n<p style=\"text-align: justify;\">Chi record\u00f3 que cuando se hizo la alianza, Reyes Villa quiso que se vaya solo con una sigla; sin embargo, dijo que \u201cahora\u201d Manfred \u201cda otra versi\u00f3n\u201d.<\/p>\n<p style=\"text-align: justify;\">\u201cPor hacer la alianza con \u00e9l, empiezo a perder la oportunidad de irme con una sola sigla, y resulta que a todas las siglas lo ponen en latencia. Ahora Manfred levanta la mano y dice: \u2018doctor vaya por su sigla y con su propio binomio\u2019\u201d, indic\u00f3.<\/p>\n<p style=\"text-align: justify;\">El precandidato cuestion\u00f3 que \u201cfaltando pocos d\u00edas\u201d para que venza la inscripci\u00f3n de las alianzas, se los deje en una \u201cposici\u00f3n complicada\u201d.<\/p>\n<p style=\"text-align: justify;\">De acuerdo con el calendario electoral, el registro de las alianzas pol\u00edticas ante el Tribunal Supremo Electoral vence el viernes. Pese al feriado por el Viernes Santo, el ente electoral recibir\u00e1 la tramitaci\u00f3n de este requisito hasta las 23.59.<\/p>\n<p style=\"text-align: justify;\">Con la decisi\u00f3n de Reyes Villa, Chi dijo que su equipo \u201cse ha decepcionado\u201d al ponerles en esa posici\u00f3n, luego de insistirle en reiteradas oportunidades para que hagan la encuesta interna.<\/p>\n<p style=\"text-align: justify;\">\u201cYo no estoy para rogarle. Si quiere hacer la competencia bien, si no quiere, no hacemos, pero el pueblo es el que juzgar\u00e1\u201d, indic\u00f3.<\/p>\n<p style=\"text-align: justify;\">Adem\u00e1s, Chi dijo que espera que su sigla Alianza de Movimiento de Acci\u00f3n Republicana (AMAR) concluya con su tr\u00e1mite y pueda emitirse la personer\u00eda jur\u00eddica por parte del Tribunal Supremo Electoral (TSE), luego de presentar las firmas respectivas.<\/p>\n","protected":false},"excerpt":{"rendered":"<p>El precandidato de oposici\u00f3n Chi Hyun Chung confirm\u00f3 que ir\u00e1 por separado de la sigla de S\u00famate APB, de Manfred Reyes Villa. La decisi\u00f3n se asumi\u00f3 este lunes luego de que ambos pol\u00edticos tuvieran una reuni\u00f3n en Santa Cruz. \u201cHoy hemos decidido de que cada uno inscribe con su propia sigla y despu\u00e9s en el [&hellip;]<\/p>\n","protected":false},"author":2,"featured_media":75793,"comment_status":"closed","ping_status":"open","sticky":false,"template":"","format":"standard","meta":{"footnotes":""},"categories":[18],"tags":[],"class_list":{"0":"post-75792","1":"post","2":"type-post","3":"status-publish","4":"format-standard","5":"has-post-thumbnail","7":"category-politica"},"_links":{"self":[{"href":"https:\/\/jms.com.bo\/mediamonitor\/wp-json\/wp\/v2\/posts\/75792","targetHints":{"allow":["GET"]}}],"collection":[{"href":"https:\/\/jms.com.bo\/mediamonitor\/wp-json\/wp\/v2\/posts"}],"about":[{"href":"https:\/\/jms.com.bo\/mediamonitor\/wp-json\/wp\/v2\/types\/post"}],"author":[{"embeddable":true,"href":"https:\/\/jms.com.bo\/mediamonitor\/wp-json\/wp\/v2\/users\/2"}],"replies":[{"embeddable":true,"href":"https:\/\/jms.com.bo\/mediamonitor\/wp-json\/wp\/v2\/comments?post=75792"}],"version-history":[{"count":0,"href":"https:\/\/jms.com.bo\/mediamonitor\/wp-json\/wp\/v2\/posts\/75792\/revisions"}],"wp:featuredmedia":[{"embeddable":true,"href":"https:\/\/jms.com.bo\/mediamonitor\/wp-json\/wp\/v2\/media\/75793"}],"wp:attachment":[{"href":"https:\/\/jms.com.bo\/mediamonitor\/wp-json\/wp\/v2\/media?parent=75792"}],"wp:term":[{"taxonomy":"category","embeddable":true,"href":"https:\/\/jms.com.bo\/mediamonitor\/wp-json\/wp\/v2\/categories?post=75792"},{"taxonomy":"post_tag","embeddable":true,"href":"https:\/\/jms.com.bo\/mediamonitor\/wp-json\/wp\/v2\/tags?post=75792"}],"curies":[{"name":"wp","href":"https:\/\/api.w.org\/{rel}","templated":true}]}}