{"id":75794,"date":"2025-04-15T06:46:16","date_gmt":"2025-04-15T10:46:16","guid":{"rendered":"https:\/\/jms.com.bo\/mediamonitor\/2025\/04\/15\/tse-dice-que-aun-no-hay-alianzas-registradas-y-que-se-recibiran-hasta-el-feriado-de-viernes-santo\/"},"modified":"2025-04-15T06:46:16","modified_gmt":"2025-04-15T10:46:16","slug":"tse-dice-que-aun-no-hay-alianzas-registradas-y-que-se-recibiran-hasta-el-feriado-de-viernes-santo","status":"publish","type":"post","link":"https:\/\/jms.com.bo\/mediamonitor\/2025\/04\/15\/tse-dice-que-aun-no-hay-alianzas-registradas-y-que-se-recibiran-hasta-el-feriado-de-viernes-santo\/","title":{"rendered":"TSE dice que a\u00fan no hay alianzas registradas y que se recibir\u00e1n hasta el feriado de Viernes Santo"},"content":{"rendered":"<p style=\"text-align: justify;\">El vocal del Tribunal Supremo Electoral (TSE), Tahuichi Tahuichi, afirm\u00f3 este lunes que, hasta el momento, no se tiene registrada ninguna alianza pol\u00edtica en ese \u00f3rgano electoral. Tahuichi record\u00f3 a los partidos pol\u00edticos que tienen plazo hasta las 23:59 de este viernes, feriado nacional de Viernes Santo, para concretar sus alianzas y cumplir con el cronograma electoral.<\/p>\n<p style=\"text-align: justify;\">\u00abHasta las 23:59, ni un segundo m\u00e1s, vamos a recepcionar aquellas solicitudes de registro de alianzas pol\u00edticas. Es decir, a pesar de que es un d\u00eda feriado, Viernes Santo, vamos a trabajar en el Tribunal Supremo Electoral. Hasta el momento no tenemos ni una alianza pol\u00edtica registrada\u00bb, declar\u00f3 Tahuichi a Urgente.bo.<\/p>\n<p style=\"text-align: justify;\">Las organizaciones pol\u00edticas afinan sus estrategias de cara a las elecciones presidenciales convocadas por el TSE para el 17 de agosto.<\/p>\n<p style=\"text-align: justify;\">\u00abHay que recordar que, en este momento, hay 14 partidos pol\u00edticos y seis organizaciones ind\u00edgenas, originarias y campesinas. Habr\u00eda 20 organizaciones pol\u00edticas en total que podr\u00edan participar en esta elecci\u00f3n presidencial\u00bb, subray\u00f3 el vocal.<\/p>\n<p style=\"text-align: justify;\">Este viernes se celebrar\u00e1 el Viernes Santo en Bolivia, feriado nacional. Aun as\u00ed, esta semana ser\u00e1 decisiva para los partidos pol\u00edticos que buscan inscribir sus alianzas con miras a los comicios.<\/p>\n<p style=\"text-align: justify;\">Entre las alianzas que buscar\u00edan su registro se menciona la del alcalde de Cochabamba, Manfred Reyes Villa, con Chi Hyun Chung, adem\u00e1s de las que estar\u00edan promoviendo Jorge Tuto Quiroga y Samuel Doria Medina, entre otros actores pol\u00edticos.<\/p>\n<p style=\"text-align: justify;\">\u00abSon plazos inamovibles. Ese d\u00eda es feriado, pero se va a poder trabajar hasta la medianoche y vamos a poder recibir esas alianzas de quienes deseen participar en las elecciones\u00bb, concluy\u00f3 Tahuichi.<\/p>\n","protected":false},"excerpt":{"rendered":"<p>El vocal del Tribunal Supremo Electoral (TSE), Tahuichi Tahuichi, afirm\u00f3 este lunes que, hasta el momento, no se tiene registrada ninguna alianza pol\u00edtica en ese \u00f3rgano electoral. Tahuichi record\u00f3 a los partidos pol\u00edticos que tienen plazo hasta las 23:59 de este viernes, feriado nacional de Viernes Santo, para concretar sus alianzas y cumplir con el [&hellip;]<\/p>\n","protected":false},"author":2,"featured_media":5131,"comment_status":"closed","ping_status":"open","sticky":false,"template":"","format":"standard","meta":{"footnotes":""},"categories":[18,48,46],"tags":[],"class_list":{"0":"post-75794","1":"post","2":"type-post","3":"status-publish","4":"format-standard","5":"has-post-thumbnail","7":"category-politica","8":"category-portada-general-sitio","9":"category-portada-politica"},"_links":{"self":[{"href":"https:\/\/jms.com.bo\/mediamonitor\/wp-json\/wp\/v2\/posts\/75794","targetHints":{"allow":["GET"]}}],"collection":[{"href":"https:\/\/jms.com.bo\/mediamonitor\/wp-json\/wp\/v2\/posts"}],"about":[{"href":"https:\/\/jms.com.bo\/mediamonitor\/wp-json\/wp\/v2\/types\/post"}],"author":[{"embeddable":true,"href":"https:\/\/jms.com.bo\/mediamonitor\/wp-json\/wp\/v2\/users\/2"}],"replies":[{"embeddable":true,"href":"https:\/\/jms.com.bo\/mediamonitor\/wp-json\/wp\/v2\/comments?post=75794"}],"version-history":[{"count":0,"href":"https:\/\/jms.com.bo\/mediamonitor\/wp-json\/wp\/v2\/posts\/75794\/revisions"}],"wp:featuredmedia":[{"embeddable":true,"href":"https:\/\/jms.com.bo\/mediamonitor\/wp-json\/wp\/v2\/media\/5131"}],"wp:attachment":[{"href":"https:\/\/jms.com.bo\/mediamonitor\/wp-json\/wp\/v2\/media?parent=75794"}],"wp:term":[{"taxonomy":"category","embeddable":true,"href":"https:\/\/jms.com.bo\/mediamonitor\/wp-json\/wp\/v2\/categories?post=75794"},{"taxonomy":"post_tag","embeddable":true,"href":"https:\/\/jms.com.bo\/mediamonitor\/wp-json\/wp\/v2\/tags?post=75794"}],"curies":[{"name":"wp","href":"https:\/\/api.w.org\/{rel}","templated":true}]}}