{"id":75803,"date":"2025-04-15T06:53:31","date_gmt":"2025-04-15T10:53:31","guid":{"rendered":"https:\/\/jms.com.bo\/mediamonitor\/2025\/04\/15\/sib-lanza-convocatoria-para-cumbre-energetica-nacional\/"},"modified":"2025-04-15T06:53:31","modified_gmt":"2025-04-15T10:53:31","slug":"sib-lanza-convocatoria-para-cumbre-energetica-nacional","status":"publish","type":"post","link":"https:\/\/jms.com.bo\/mediamonitor\/2025\/04\/15\/sib-lanza-convocatoria-para-cumbre-energetica-nacional\/","title":{"rendered":"SIB lanza convocatoria para cumbre energ\u00e9tica nacional"},"content":{"rendered":"<p style=\"text-align: justify;\">Desde Santa Cruz se busca una pol\u00edtica energ\u00e9tica sostenible, es por ellos que la Sociedad de Ingenieros de Bolivia (SIB) convoc\u00f3 a la Cumbre Energ\u00e9tica Bolivia 2025, evento que se realizar\u00e1 en la capital cruce\u00f1a del 15 al 17 de mayo y que reunir\u00eda a l\u00edderes gubernamentales, expertos t\u00e9cnicos, universidades, empresas y sociedad civil para debatir soluciones concretas a los desaf\u00edos energ\u00e9ticos que enfrenta Bolivia.<\/p>\n<p style=\"text-align: justify;\">\u201cEsta cumbre es un llamado al pa\u00eds para construir juntos una pol\u00edtica energ\u00e9tica sostenible. Bolivia enfrenta problemas en el abastecimiento de combustibles y es tiempo de pensar en grande, con visi\u00f3n t\u00e9cnica y de largo plazo,\u201d expres\u00f3 Pascual Vel\u00e1squez, presidente nacional de la SIB, durante el lanzamiento del evento realizado este lunes en Santa Cruz.<\/p>\n<p style=\"text-align: justify;\">Rolando Mancilla, presidente de la SIB departamental Santa Cruz, destac\u00f3 la importancia del encuentro desde la regi\u00f3n m\u00e1s din\u00e1mica del pa\u00eds.<\/p>\n<p style=\"text-align: justify;\">\u201cSanta Cruz no solo es el motor econ\u00f3mico de Bolivia, tambi\u00e9n debe liderar el cambio hacia una matriz energ\u00e9tica m\u00e1s limpia, diversa y resiliente. Esta cumbre nace con ese compromiso\u201d, puntualiz\u00f3 Mancilla.<\/p>\n<p style=\"text-align: justify;\">Esta cumbre energ\u00e9tica abordar\u00e1 temas clave como la transici\u00f3n energ\u00e9tica, la eficiencia, las energ\u00edas renovables, la exploraci\u00f3n de nuevas fuentes y el impacto del cambio clim\u00e1tico. A trav\u00e9s de mesas de trabajo y foros de alto nivel, se buscar\u00e1 construir propuestas integradoras que puedan convertirse en insumos para una pol\u00edtica de Estado en materia energ\u00e9tica.<\/p>\n","protected":false},"excerpt":{"rendered":"<p>Desde Santa Cruz se busca una pol\u00edtica energ\u00e9tica sostenible, es por ellos que la Sociedad de Ingenieros de Bolivia (SIB) convoc\u00f3 a la Cumbre Energ\u00e9tica Bolivia 2025, evento que se realizar\u00e1 en la capital cruce\u00f1a del 15 al 17 de mayo y que reunir\u00eda a l\u00edderes gubernamentales, expertos t\u00e9cnicos, universidades, empresas y sociedad civil para [&hellip;]<\/p>\n","protected":false},"author":2,"featured_media":75804,"comment_status":"closed","ping_status":"open","sticky":false,"template":"","format":"standard","meta":{"footnotes":""},"categories":[39],"tags":[],"class_list":{"0":"post-75803","1":"post","2":"type-post","3":"status-publish","4":"format-standard","5":"has-post-thumbnail","7":"category-energia"},"_links":{"self":[{"href":"https:\/\/jms.com.bo\/mediamonitor\/wp-json\/wp\/v2\/posts\/75803","targetHints":{"allow":["GET"]}}],"collection":[{"href":"https:\/\/jms.com.bo\/mediamonitor\/wp-json\/wp\/v2\/posts"}],"about":[{"href":"https:\/\/jms.com.bo\/mediamonitor\/wp-json\/wp\/v2\/types\/post"}],"author":[{"embeddable":true,"href":"https:\/\/jms.com.bo\/mediamonitor\/wp-json\/wp\/v2\/users\/2"}],"replies":[{"embeddable":true,"href":"https:\/\/jms.com.bo\/mediamonitor\/wp-json\/wp\/v2\/comments?post=75803"}],"version-history":[{"count":0,"href":"https:\/\/jms.com.bo\/mediamonitor\/wp-json\/wp\/v2\/posts\/75803\/revisions"}],"wp:featuredmedia":[{"embeddable":true,"href":"https:\/\/jms.com.bo\/mediamonitor\/wp-json\/wp\/v2\/media\/75804"}],"wp:attachment":[{"href":"https:\/\/jms.com.bo\/mediamonitor\/wp-json\/wp\/v2\/media?parent=75803"}],"wp:term":[{"taxonomy":"category","embeddable":true,"href":"https:\/\/jms.com.bo\/mediamonitor\/wp-json\/wp\/v2\/categories?post=75803"},{"taxonomy":"post_tag","embeddable":true,"href":"https:\/\/jms.com.bo\/mediamonitor\/wp-json\/wp\/v2\/tags?post=75803"}],"curies":[{"name":"wp","href":"https:\/\/api.w.org\/{rel}","templated":true}]}}