{"id":75807,"date":"2025-04-15T06:57:04","date_gmt":"2025-04-15T10:57:04","guid":{"rendered":"https:\/\/jms.com.bo\/mediamonitor\/2025\/04\/15\/profesionales-bolivianos-impulsaran-operacion-de-ivirizu-tras-capacitacion-especializada\/"},"modified":"2025-04-15T06:57:04","modified_gmt":"2025-04-15T10:57:04","slug":"profesionales-bolivianos-impulsaran-operacion-de-ivirizu-tras-capacitacion-especializada","status":"publish","type":"post","link":"https:\/\/jms.com.bo\/mediamonitor\/2025\/04\/15\/profesionales-bolivianos-impulsaran-operacion-de-ivirizu-tras-capacitacion-especializada\/","title":{"rendered":"Profesionales bolivianos impulsar\u00e1n operaci\u00f3n de Iviriz\u00fa tras capacitaci\u00f3n especializada"},"content":{"rendered":"<p style=\"text-align: justify;\">La Empresa Nacional de Electricidad (ENDE) gestion\u00f3 la capacitaci\u00f3n especializada de profesionales bolivianos que impulsar\u00e1n las centrales hidroel\u00e9ctricas del Proyecto Ivirizu, en Cochabamba, y los componentes electromec\u00e1nicos del mismo, gracias a la formaci\u00f3n que es impartida por expertos de China.<\/p>\n<p style=\"text-align: justify;\">\u201cEn el marco del avance del Proyecto Hidroel\u00e9ctrico Ivirizu, personal t\u00e9cnico de la empresa ENDE Valle Hermoso (Cochabamba) recibi\u00f3 una capacitaci\u00f3n especializada sobre los componentes electromec\u00e1nicos de las futuras centrales hidroel\u00e9ctricas Juntas y Sehuencas, por profesionales provenientes de China\u201d, se lee en una nota de prensa.<\/p>\n<p style=\"text-align: justify;\">La empresa ENDE Valle Hermoso es la \u00fanica empresa en el pa\u00eds que opera centrales termoel\u00e9ctricas y plantas hidroel\u00e9ctricas, por lo que el proceso de transferencia de conocimientos tecnol\u00f3gicos del proyecto es clave para que t\u00e9cnicos y profesionales nacionales asuman la operaci\u00f3n y mantenimiento de las instalaciones que generar\u00e1n energ\u00eda renovable para consumo de las familias bolivianas.<\/p>\n<p style=\"text-align: justify;\">El curso abarc\u00f3 cuatro jornadas, del 31 de marzo al 3 de abril, donde los profesionales participaron en sesiones te\u00f3ricas desarrolladas en el campamento de operaciones y pr\u00e1cticas en sitio dentro de las instalaciones del proyecto, bajo protocolos adaptados a la etapa actual de construcci\u00f3n.<\/p>\n<p style=\"text-align: justify;\">\u201cEl curso abarc\u00f3 temas fundamentales para el funcionamiento de los sistemas de captaci\u00f3n de agua, incluyendo la disposici\u00f3n de equipos, funcionamiento de compuertas, rejas, puente gr\u00faa, limpiarejas, y dem\u00e1s elementos esenciales del sistema de accionamiento. Tambi\u00e9n se abordaron protocolos de mantenimiento, detecci\u00f3n y resoluci\u00f3n de fallas, as\u00ed como medidas de seguridad y prevenci\u00f3n\u201d, destaca el comunicado.<\/p>\n<p style=\"text-align: justify;\">La capacitaci\u00f3n represent\u00f3 un hito dentro del avance global del Proyecto Hidroel\u00e9ctrico Ivirizu y consolid\u00f3 la preparaci\u00f3n del equipo humano que estar\u00e1 a cargo de esta obra estrat\u00e9gica para el pa\u00eds, reafirmando el compromiso con el desarrollo de capacidades locales en el sector energ\u00e9tico nacional.<\/p>\n","protected":false},"excerpt":{"rendered":"<p>La Empresa Nacional de Electricidad (ENDE) gestion\u00f3 la capacitaci\u00f3n especializada de profesionales bolivianos que impulsar\u00e1n las centrales hidroel\u00e9ctricas del Proyecto Ivirizu, en Cochabamba, y los componentes electromec\u00e1nicos del mismo, gracias a la formaci\u00f3n que es impartida por expertos de China. \u201cEn el marco del avance del Proyecto Hidroel\u00e9ctrico Ivirizu, personal t\u00e9cnico de la empresa ENDE [&hellip;]<\/p>\n","protected":false},"author":2,"featured_media":75808,"comment_status":"closed","ping_status":"open","sticky":false,"template":"","format":"standard","meta":{"footnotes":""},"categories":[39,44,48],"tags":[],"class_list":{"0":"post-75807","1":"post","2":"type-post","3":"status-publish","4":"format-standard","5":"has-post-thumbnail","7":"category-energia","8":"category-portada-energia","9":"category-portada-general-sitio"},"_links":{"self":[{"href":"https:\/\/jms.com.bo\/mediamonitor\/wp-json\/wp\/v2\/posts\/75807","targetHints":{"allow":["GET"]}}],"collection":[{"href":"https:\/\/jms.com.bo\/mediamonitor\/wp-json\/wp\/v2\/posts"}],"about":[{"href":"https:\/\/jms.com.bo\/mediamonitor\/wp-json\/wp\/v2\/types\/post"}],"author":[{"embeddable":true,"href":"https:\/\/jms.com.bo\/mediamonitor\/wp-json\/wp\/v2\/users\/2"}],"replies":[{"embeddable":true,"href":"https:\/\/jms.com.bo\/mediamonitor\/wp-json\/wp\/v2\/comments?post=75807"}],"version-history":[{"count":0,"href":"https:\/\/jms.com.bo\/mediamonitor\/wp-json\/wp\/v2\/posts\/75807\/revisions"}],"wp:featuredmedia":[{"embeddable":true,"href":"https:\/\/jms.com.bo\/mediamonitor\/wp-json\/wp\/v2\/media\/75808"}],"wp:attachment":[{"href":"https:\/\/jms.com.bo\/mediamonitor\/wp-json\/wp\/v2\/media?parent=75807"}],"wp:term":[{"taxonomy":"category","embeddable":true,"href":"https:\/\/jms.com.bo\/mediamonitor\/wp-json\/wp\/v2\/categories?post=75807"},{"taxonomy":"post_tag","embeddable":true,"href":"https:\/\/jms.com.bo\/mediamonitor\/wp-json\/wp\/v2\/tags?post=75807"}],"curies":[{"name":"wp","href":"https:\/\/api.w.org\/{rel}","templated":true}]}}