{"id":75817,"date":"2025-04-16T06:12:31","date_gmt":"2025-04-16T10:12:31","guid":{"rendered":"https:\/\/jms.com.bo\/mediamonitor\/2025\/04\/16\/declaran-alerta-roja-en-santa-cruz-tras-mas-de-1-000-casos-de-influenza\/"},"modified":"2025-04-16T06:13:14","modified_gmt":"2025-04-16T10:13:14","slug":"declaran-alerta-roja-en-santa-cruz-tras-mas-de-1-000-casos-de-influenza","status":"publish","type":"post","link":"https:\/\/jms.com.bo\/mediamonitor\/2025\/04\/16\/declaran-alerta-roja-en-santa-cruz-tras-mas-de-1-000-casos-de-influenza\/","title":{"rendered":"Declaran alerta roja en Santa Cruz tras m\u00e1s de 1.000 casos de influenza"},"content":{"rendered":"<p style=\"text-align: justify;\">La Gobernaci\u00f3n de Santa Cruz declar\u00f3 este martes la alerta roja sanitaria debido al preocupante aumento de casos de influenza registrados en el departamento durante los primeros meses del a\u00f1o. En solo tres meses, se han confirmado 1.031 casos positivos, seg\u00fan inform\u00f3 el director del Servicio Departamental de Salud (Sedes), Jaime Bilbao.<\/p>\n<p style=\"text-align: justify;\">Ante esta situaci\u00f3n, las autoridades sanitarias han instruido a todos los municipios y centros de salud a reforzar las medidas de prevenci\u00f3n y control para contener la propagaci\u00f3n del virus.<\/p>\n<p style=\"text-align: justify;\">\u201cEs fundamental que toda persona con s\u00edntomas respiratorios acuda inmediatamente a un centro m\u00e9dico, evite la automedicaci\u00f3n y cumpla con un aislamiento domiciliario de cinco d\u00edas o, en su defecto, haga uso permanente del barbijo\u201d, indic\u00f3 Bilbao.<\/p>\n<p style=\"text-align: justify;\">La alerta sanitaria ordena tambi\u00e9n el fortalecimiento de la vigilancia epidemiol\u00f3gica en todos los municipios, as\u00ed como la implementaci\u00f3n de \u00e1reas diferenciadas para la atenci\u00f3n de pacientes con s\u00edntomas respiratorios en los centros de salud de primer nivel.<\/p>\n<p style=\"text-align: justify;\">Bilbao realiz\u00f3 otras recomendaciones claves, entre ellas el uso obligatorio de barbijos en espacios cerrados, lavado frecuente de manos, ventilaci\u00f3n adecuada de ambientes y aplicaci\u00f3n de filtros de control en las unidades educativas, en cumplimiento de la resoluci\u00f3n ministerial 001\/2025, que regula las medidas de bioseguridad en los establecimientos escolares.<\/p>\n<p style=\"text-align: justify;\">Bilbao insisti\u00f3 en que el trabajo coordinado entre poblaci\u00f3n, municipios y sistema de salud es crucial para evitar que la situaci\u00f3n se agrave.<\/p>\n<p style=\"text-align: justify;\">\u201cEsta alerta roja debe ser tomada con total seriedad. La prevenci\u00f3n y el compromiso ciudadano ser\u00e1n determinantes en las pr\u00f3ximas semanas\u201d, concluy\u00f3 el director del Sedes.<\/p>\n","protected":false},"excerpt":{"rendered":"<p>La Gobernaci\u00f3n de Santa Cruz declar\u00f3 este martes la alerta roja sanitaria debido al preocupante aumento de casos de influenza registrados en el departamento durante los primeros meses del a\u00f1o. En solo tres meses, se han confirmado 1.031 casos positivos, seg\u00fan inform\u00f3 el director del Servicio Departamental de Salud (Sedes), Jaime Bilbao. Ante esta situaci\u00f3n, [&hellip;]<\/p>\n","protected":false},"author":2,"featured_media":3133,"comment_status":"closed","ping_status":"open","sticky":false,"template":"","format":"standard","meta":{"footnotes":""},"categories":[53],"tags":[],"class_list":{"0":"post-75817","1":"post","2":"type-post","3":"status-publish","4":"format-standard","5":"has-post-thumbnail","7":"category-salud"},"_links":{"self":[{"href":"https:\/\/jms.com.bo\/mediamonitor\/wp-json\/wp\/v2\/posts\/75817","targetHints":{"allow":["GET"]}}],"collection":[{"href":"https:\/\/jms.com.bo\/mediamonitor\/wp-json\/wp\/v2\/posts"}],"about":[{"href":"https:\/\/jms.com.bo\/mediamonitor\/wp-json\/wp\/v2\/types\/post"}],"author":[{"embeddable":true,"href":"https:\/\/jms.com.bo\/mediamonitor\/wp-json\/wp\/v2\/users\/2"}],"replies":[{"embeddable":true,"href":"https:\/\/jms.com.bo\/mediamonitor\/wp-json\/wp\/v2\/comments?post=75817"}],"version-history":[{"count":1,"href":"https:\/\/jms.com.bo\/mediamonitor\/wp-json\/wp\/v2\/posts\/75817\/revisions"}],"predecessor-version":[{"id":75818,"href":"https:\/\/jms.com.bo\/mediamonitor\/wp-json\/wp\/v2\/posts\/75817\/revisions\/75818"}],"wp:featuredmedia":[{"embeddable":true,"href":"https:\/\/jms.com.bo\/mediamonitor\/wp-json\/wp\/v2\/posts\/3133"}],"wp:attachment":[{"href":"https:\/\/jms.com.bo\/mediamonitor\/wp-json\/wp\/v2\/media?parent=75817"}],"wp:term":[{"taxonomy":"category","embeddable":true,"href":"https:\/\/jms.com.bo\/mediamonitor\/wp-json\/wp\/v2\/categories?post=75817"},{"taxonomy":"post_tag","embeddable":true,"href":"https:\/\/jms.com.bo\/mediamonitor\/wp-json\/wp\/v2\/tags?post=75817"}],"curies":[{"name":"wp","href":"https:\/\/api.w.org\/{rel}","templated":true}]}}