{"id":75820,"date":"2025-04-16T06:18:50","date_gmt":"2025-04-16T10:18:50","guid":{"rendered":"https:\/\/jms.com.bo\/mediamonitor\/2025\/04\/16\/extrabajadores-de-sabsa-entregaran-orden-de-aprehension-contra-montano-a-la-policia\/"},"modified":"2025-04-16T06:18:50","modified_gmt":"2025-04-16T10:18:50","slug":"extrabajadores-de-sabsa-entregaran-orden-de-aprehension-contra-montano-a-la-policia","status":"publish","type":"post","link":"https:\/\/jms.com.bo\/mediamonitor\/2025\/04\/16\/extrabajadores-de-sabsa-entregaran-orden-de-aprehension-contra-montano-a-la-policia\/","title":{"rendered":"Extrabajadores de Sabsa entregar\u00e1n orden de aprehensi\u00f3n contra Monta\u00f1o a la Polic\u00eda"},"content":{"rendered":"<p style=\"text-align: justify;\">Es oficial. El juzgado P\u00fablico Civil, Comercial de Partido de Trabajo y Seguridad Social de Yapacan\u00ed, en Santa Cruz, libr\u00f3 una orden de aprehensi\u00f3n en contra del ministro de Obras P\u00fablicas, Servicios y Vivienda, Edgar Monta\u00f1o por el caso de un proceso laboral activado por los extrabajadores de Sabsa.<\/p>\n<p style=\"text-align: justify;\">La disposici\u00f3n judicial est\u00e1 vigente y ser\u00e1 entregada a la Polic\u00eda para su ejecuci\u00f3n este martes, indic\u00f3 Alfredo Ch\u00e1vez, uno de los cerca de 300 extrabajadores de la empresa de Servicios de Aeropuertos Bolivianos (Sabsa) afectados.<\/p>\n<p style=\"text-align: justify;\">\u201cSi, se confirm\u00f3. Hoy lo estamos haciendo llegar al comando departamental de la Polic\u00eda\u201d, se\u00f1al\u00f3 en una entrevista con la red UNITEL.<\/p>\n<p style=\"text-align: justify;\">\u201cSomos m\u00e1s de 300 extrabajadores y la deuda es de 55 millones de bolivianos\u201d, a\u00f1adi\u00f3.<\/p>\n<p style=\"text-align: justify;\">Por su parte Jos\u00e9 Antonio Mozza, abogado de los extrabajadores de Sabsa, se\u00f1al\u00f3 que este proceso data desde hace 14 a\u00f1os cuando se dio el proceso de nacionalizaci\u00f3n y, en su momento, el Estado pag\u00f3 a la empresa espa\u00f1ola Abertis la suma de 23 millones de d\u00f3lares.<\/p>\n<p style=\"text-align: justify;\">\u201cDe acuerdo al decreto supremo 1494 en su art\u00edculo 5 establece que este pasivo forma parte del precio, es decir que se descont\u00f3 a la empresa para pagar estos pasivos por lo que, no es que se va a afectar al Estado con este pago, todo lo contrario\u201d, apunt\u00f3.<\/p>\n<p style=\"text-align: justify;\">UNITEL busc\u00f3 al ministro de Obras P\u00fablicas para conocer su respuesta a este mandamiento de apremio, pero a\u00fan no ha respondido al requerimiento.<\/p>\n<p style=\"text-align: justify;\">Otro caso<\/p>\n<p style=\"text-align: justify;\">En 2022 el Gobierno desvincul\u00f3 a 600 trabajadores en el marco del cierre de Sabsa. En su reemplazo, el Gobierno de Luis Arce cre\u00f3 la empresa Navegaci\u00f3n A\u00e9rea y Aeropuertos Bolivianos (Naabol).<\/p>\n<p style=\"text-align: justify;\">Los extrabajadores de Sabsa denunciaron que el Gobierno no ha cumplido con el pago de los finiquitos, por esa raz\u00f3n acudieron a la Justicia para hacer prevalecer sus derechos laborales.<\/p>\n","protected":false},"excerpt":{"rendered":"<p>Es oficial. El juzgado P\u00fablico Civil, Comercial de Partido de Trabajo y Seguridad Social de Yapacan\u00ed, en Santa Cruz, libr\u00f3 una orden de aprehensi\u00f3n en contra del ministro de Obras P\u00fablicas, Servicios y Vivienda, Edgar Monta\u00f1o por el caso de un proceso laboral activado por los extrabajadores de Sabsa. La disposici\u00f3n judicial est\u00e1 vigente y [&hellip;]<\/p>\n","protected":false},"author":2,"featured_media":3141,"comment_status":"closed","ping_status":"open","sticky":false,"template":"","format":"standard","meta":{"footnotes":""},"categories":[49],"tags":[],"class_list":{"0":"post-75820","1":"post","2":"type-post","3":"status-publish","4":"format-standard","5":"has-post-thumbnail","7":"category-social"},"_links":{"self":[{"href":"https:\/\/jms.com.bo\/mediamonitor\/wp-json\/wp\/v2\/posts\/75820","targetHints":{"allow":["GET"]}}],"collection":[{"href":"https:\/\/jms.com.bo\/mediamonitor\/wp-json\/wp\/v2\/posts"}],"about":[{"href":"https:\/\/jms.com.bo\/mediamonitor\/wp-json\/wp\/v2\/types\/post"}],"author":[{"embeddable":true,"href":"https:\/\/jms.com.bo\/mediamonitor\/wp-json\/wp\/v2\/users\/2"}],"replies":[{"embeddable":true,"href":"https:\/\/jms.com.bo\/mediamonitor\/wp-json\/wp\/v2\/comments?post=75820"}],"version-history":[{"count":0,"href":"https:\/\/jms.com.bo\/mediamonitor\/wp-json\/wp\/v2\/posts\/75820\/revisions"}],"wp:featuredmedia":[{"embeddable":true,"href":"https:\/\/jms.com.bo\/mediamonitor\/wp-json\/"}],"wp:attachment":[{"href":"https:\/\/jms.com.bo\/mediamonitor\/wp-json\/wp\/v2\/media?parent=75820"}],"wp:term":[{"taxonomy":"category","embeddable":true,"href":"https:\/\/jms.com.bo\/mediamonitor\/wp-json\/wp\/v2\/categories?post=75820"},{"taxonomy":"post_tag","embeddable":true,"href":"https:\/\/jms.com.bo\/mediamonitor\/wp-json\/wp\/v2\/tags?post=75820"}],"curies":[{"name":"wp","href":"https:\/\/api.w.org\/{rel}","templated":true}]}}