{"id":75821,"date":"2025-04-16T06:20:59","date_gmt":"2025-04-16T10:20:59","guid":{"rendered":"https:\/\/jms.com.bo\/mediamonitor\/2025\/04\/16\/la-apdh-advierte-vulneracion-del-derecho-a-la-salud-en-tarija\/"},"modified":"2025-04-16T06:20:59","modified_gmt":"2025-04-16T10:20:59","slug":"la-apdh-advierte-vulneracion-del-derecho-a-la-salud-en-tarija","status":"publish","type":"post","link":"https:\/\/jms.com.bo\/mediamonitor\/2025\/04\/16\/la-apdh-advierte-vulneracion-del-derecho-a-la-salud-en-tarija\/","title":{"rendered":"La APDH advierte vulneraci\u00f3n del derecho a la salud en Tarija"},"content":{"rendered":"<p style=\"text-align: justify;\">El sistema de salud en Tarija est\u00e1 en crisis, pero no solo porque la falta de recursos limita la compra de medicamentos y la contrataci\u00f3n de recurso humano capacitado, sino tambi\u00e9n por la apat\u00eda del personal hacia las personas que acuden por una atenci\u00f3n m\u00e9dica. As\u00ed lo se\u00f1al\u00f3 la representante de la Asamblea Permanente de Derechos Humanos (APDH) en Tarija, Yolanda Herrera, quien visit\u00f3 Hospital Obrero y al Hospital Regional San Juan de Dios, donde pudo escuchar el drama de las familias que sufren por la salud de sus enfermos.<\/p>\n<p style=\"text-align: justify;\">\u201cLa atenci\u00f3n no es de lo m\u00e1s oportuna, hay mucha derivaci\u00f3n, el sacar una ficha ya es una tortura. El derecho a la salud definitivamente no hay\u201d, dijo Herrera, al detallar que, por ejemplo, medicamentos no hay, apenas los b\u00e1sicos, como paracetamol o alg\u00fan otro calmante. Y cuando el paciente los busca en una farmacia privada, resulta que han subido su costo hasta en un cien por ciento.<\/p>\n<p style=\"text-align: justify;\">Si bien esta situaci\u00f3n se vive en los hospitales de todo el pa\u00eds, Herrera considera que en Tarija la situaci\u00f3n es m\u00e1s cr\u00edtica. Ya que por la ca\u00edda de ingresos, las instituciones p\u00fablicas no est\u00e1n entendiendo las necesidades de los hospitales, a ello se suma el aumento del desempleo, que impide a las familias cubrir los tratamientos m\u00e9dicos que requieren.<\/p>\n<p style=\"text-align: justify;\">\u201cCada vez, acceder a la salud, a la cura de una enfermedad, se ha vuelto lejano a la capacidad econ\u00f3mica que tienen las familias. Es impresionante el costo de los laboratorios, de los medicamentos, de los estudios, realmente estamos en una situaci\u00f3n bastante cr\u00edtica\u201d, advierte.<\/p>\n<p style=\"text-align: justify;\">\u201cCada vez, acceder a la salud, a la cura de una enfermedad, se ha vuelto lejano a la capacidad econ\u00f3mica que tienen las familias\u201d Yolanda Herrera APDH<br \/>\nEsa experiencia la vivi\u00f3 Mariela, quien busc\u00f3 atenci\u00f3n m\u00e9dica para su hijo por una intensa tos que ya no lo dejaba dormir. Considera que ir al Hospital San Juan de Dios es enfermarse m\u00e1s, pero del estr\u00e9s.<\/p>\n<p style=\"text-align: justify;\">Mariela asegura que de los medicamentos que le recetaron, ninguno estaba disponible en la Farmacia del Hospital, por lo que tuvo que buscarlos afuera.<\/p>\n<p style=\"text-align: justify;\">\u201cAl final la receta me sali\u00f3 m\u00e1s de 400 bolivianos. Hay un jarabe que ya he comprado en otras oportunidades y es incre\u00edble c\u00f3mo ha subido de precio, de estar a 70 bolivianos ahora no se halla a menos de 95 bolivianos\u201d, lament\u00f3.<\/p>\n<p style=\"text-align: justify;\">La representante de la Asamblea Permanente de Derechos Humanos tambi\u00e9n hizo referencia a los estudios que los pacientes, al final, est\u00e1n obligados a realizarse en centros privados, como Rayos X o una tomograf\u00eda, debido a que los equipos constantemente est\u00e1n en mantenimiento.<\/p>\n<p style=\"text-align: justify;\">Ese sentido, inst\u00f3 a las instituciones encargadas en adquirir estos equipos, como la Alcald\u00eda y Gobernaci\u00f3n, hacer un control sobre el buen uso y manejo de los mismos, para evitar que \u201cmalos m\u00e9dicos\u201d deriven a los pacientes a sus centros privados.<\/p>\n<p style=\"text-align: justify;\">Atenci\u00f3n m\u00e1s humana<\/p>\n<p style=\"text-align: justify;\">Pero hay un aspecto que va m\u00e1s all\u00e1 de los recursos econ\u00f3micos y que tambi\u00e9n influye al momento de atender a un paciente, la empat\u00eda del personal m\u00e9dico.<\/p>\n<p style=\"text-align: justify;\">A trav\u00e9s de las redes sociales se conoci\u00f3 el caso de Daniela, una joven que falleci\u00f3 en el Hospital Regional por un infarto. Sin embargo, su familia asegura que muri\u00f3 por el abandono y negligencia de los m\u00e9dicos.<\/p>\n<p style=\"text-align: justify;\">Lee el texto completo aqu\u00ed: Carta abierta desde el coraz\u00f3n de una madre<br \/>\nSu madre en una extensa publicaci\u00f3n detall\u00f3 que su hija estuvo cinco d\u00edas internada, en los que fue atendida por varios m\u00e9dicos de turno y residentes, todos con diagn\u00f3sticos distintos, pero que ninguno se tom\u00f3 el tiempo necesario para ver lo que realmente ten\u00eda.<\/p>\n<p style=\"text-align: justify;\">Asegura que cumpli\u00f3 con todo lo que le pidieron, transfusiones, an\u00e1lisis, medicamentos tras medicamentos adquiridos en farmacias privadas, porque en el Hospital no ten\u00edan ninguno. Hasta una ambulancia privada tuvo que buscar.<\/p>\n<p style=\"text-align: justify;\">\u201cLa salud debe ser un acto de humanidad, no un tr\u00e1mite. Porque cada paciente merece respeto, atenci\u00f3n y dignidad. Porque nadie m\u00e1s debe vivir lo que vivi\u00f3 mi hija\u201d, escribi\u00f3 la madre de Daniela.<\/p>\n<p style=\"text-align: justify;\">La ALDT pidi\u00f3 una soluci\u00f3n al Gobernador<\/p>\n<p style=\"text-align: justify;\">La Comisi\u00f3n de Derechos Humanos de la Asamblea Legislativa Departamental de Tarija es consciente de la realidad del Hospital Regional San Juan de Dios.<\/p>\n<p style=\"text-align: justify;\">A trav\u00e9s de una Minuta de Comunicaci\u00f3n conmin\u00f3 al gobernador, Oscar Montes Barz\u00f3n, a dar una soluci\u00f3n a las necesidades del principal nosocomio de la regi\u00f3n.<\/p>\n<p style=\"text-align: justify;\">Juanita Miranda, asamble\u00edsta del MAS, advirti\u00f3 la falta de equipos para terapia intensiva y de medicamentos que son requeridos por los pacientes.<\/p>\n","protected":false},"excerpt":{"rendered":"<p>El sistema de salud en Tarija est\u00e1 en crisis, pero no solo porque la falta de recursos limita la compra de medicamentos y la contrataci\u00f3n de recurso humano capacitado, sino tambi\u00e9n por la apat\u00eda del personal hacia las personas que acuden por una atenci\u00f3n m\u00e9dica. As\u00ed lo se\u00f1al\u00f3 la representante de la Asamblea Permanente de [&hellip;]<\/p>\n","protected":false},"author":2,"featured_media":3145,"comment_status":"closed","ping_status":"open","sticky":false,"template":"","format":"standard","meta":{"footnotes":""},"categories":[49],"tags":[],"class_list":{"0":"post-75821","1":"post","2":"type-post","3":"status-publish","4":"format-standard","5":"has-post-thumbnail","7":"category-social"},"_links":{"self":[{"href":"https:\/\/jms.com.bo\/mediamonitor\/wp-json\/wp\/v2\/posts\/75821","targetHints":{"allow":["GET"]}}],"collection":[{"href":"https:\/\/jms.com.bo\/mediamonitor\/wp-json\/wp\/v2\/posts"}],"about":[{"href":"https:\/\/jms.com.bo\/mediamonitor\/wp-json\/wp\/v2\/types\/post"}],"author":[{"embeddable":true,"href":"https:\/\/jms.com.bo\/mediamonitor\/wp-json\/wp\/v2\/users\/2"}],"replies":[{"embeddable":true,"href":"https:\/\/jms.com.bo\/mediamonitor\/wp-json\/wp\/v2\/comments?post=75821"}],"version-history":[{"count":0,"href":"https:\/\/jms.com.bo\/mediamonitor\/wp-json\/wp\/v2\/posts\/75821\/revisions"}],"wp:featuredmedia":[{"embeddable":true,"href":"https:\/\/jms.com.bo\/mediamonitor\/wp-json\/wp\/v2\/posts\/3145"}],"wp:attachment":[{"href":"https:\/\/jms.com.bo\/mediamonitor\/wp-json\/wp\/v2\/media?parent=75821"}],"wp:term":[{"taxonomy":"category","embeddable":true,"href":"https:\/\/jms.com.bo\/mediamonitor\/wp-json\/wp\/v2\/categories?post=75821"},{"taxonomy":"post_tag","embeddable":true,"href":"https:\/\/jms.com.bo\/mediamonitor\/wp-json\/wp\/v2\/tags?post=75821"}],"curies":[{"name":"wp","href":"https:\/\/api.w.org\/{rel}","templated":true}]}}