{"id":75826,"date":"2025-04-16T06:30:19","date_gmt":"2025-04-16T10:30:19","guid":{"rendered":"https:\/\/jms.com.bo\/mediamonitor\/2025\/04\/16\/choquehuanca-llama-a-la-unidad-y-pide-a-organizaciones-sociales-prepararse-para-la-etapa-electoral\/"},"modified":"2025-04-16T06:30:19","modified_gmt":"2025-04-16T10:30:19","slug":"choquehuanca-llama-a-la-unidad-y-pide-a-organizaciones-sociales-prepararse-para-la-etapa-electoral","status":"publish","type":"post","link":"https:\/\/jms.com.bo\/mediamonitor\/2025\/04\/16\/choquehuanca-llama-a-la-unidad-y-pide-a-organizaciones-sociales-prepararse-para-la-etapa-electoral\/","title":{"rendered":"Choquehuanca llama a la unidad y pide a organizaciones sociales prepararse para la etapa electoral"},"content":{"rendered":"<p style=\"text-align: justify;\">El vicepresidente David Choquehuanca convoc\u00f3 desde Tarija a las organizaciones sociales a permanecer unidas y al \u201cautocontrol\u201d en las elecciones generales pr\u00f3ximas, para garantizar la continuidad del proceso de cambio.<\/p>\n<p style=\"text-align: justify;\">\u201cNuevamente quieren volver a ese pensamiento de la divisi\u00f3n y nos quieren confundir, por eso hermanas y hermanos necesitamos cuidar a nuestros dirigentes, especialmente en las etapas electorales. Tiene que haber autocontrol entre todos nosotros para que nuestro proceso contin\u00fae\u201d, afirm\u00f3.<\/p>\n<p style=\"text-align: justify;\">Choquehuanca denunci\u00f3 que la oposici\u00f3n pol\u00edtica tiene la estrategia de comprar a dirigentes de las organizaciones sociales afines al Movimiento Al Socialismo (MAS).<\/p>\n<p style=\"text-align: justify;\">\u201cCompran a veces a algunos de nuestros dirigentes y muchos de nuestros dirigentes a veces, sin pensar en nuestro pueblo, en la unidad, se venden\u201d, cuestion\u00f3.<\/p>\n<p style=\"text-align: justify;\">En esa l\u00ednea, convoc\u00f3 a la unidad de las organizaciones sociales y del pueblo boliviano en los comicios generales de agosto pr\u00f3ximo, bajo el precepto de anteponer los intereses de \u201cnuestra Bolivia\u201d a los personales.<\/p>\n<p style=\"text-align: justify;\">\u201cNo permitamos que nos dividan m\u00e1s. Nosotros necesitamos el apoyo de nuestro pueblo. Nuestro presidente (Luis Arce) necesita el apoyo de las organizaciones para seguir trabajando, hermanos\u201d, explic\u00f3.<\/p>\n<p style=\"text-align: justify;\">Choquehuanca particip\u00f3 este martes del acto de entrega de la nueva infraestructura del mercado El Dorado y otras obras de magnitud en la ciudad de Tarija, por los 208 a\u00f1os de la efem\u00e9ride de ese departamento.<\/p>\n<p style=\"text-align: justify;\">\u201cHoy recordamos la lucha contra la explotaci\u00f3n, el individualismo, la esclavitud, el abuso, el saqueo, el robo y contra el colonialismo. Y en este aniversario tenemos que reafirmar esa lucha por nuestros pueblos, por nuestros hijos e hijas, hermanos\u201d, puntualiz\u00f3.<\/p>\n","protected":false},"excerpt":{"rendered":"<p>El vicepresidente David Choquehuanca convoc\u00f3 desde Tarija a las organizaciones sociales a permanecer unidas y al \u201cautocontrol\u201d en las elecciones generales pr\u00f3ximas, para garantizar la continuidad del proceso de cambio. \u201cNuevamente quieren volver a ese pensamiento de la divisi\u00f3n y nos quieren confundir, por eso hermanas y hermanos necesitamos cuidar a nuestros dirigentes, especialmente en [&hellip;]<\/p>\n","protected":false},"author":2,"featured_media":3165,"comment_status":"closed","ping_status":"open","sticky":false,"template":"","format":"standard","meta":{"footnotes":""},"categories":[18],"tags":[],"class_list":{"0":"post-75826","1":"post","2":"type-post","3":"status-publish","4":"format-standard","5":"has-post-thumbnail","7":"category-politica"},"_links":{"self":[{"href":"https:\/\/jms.com.bo\/mediamonitor\/wp-json\/wp\/v2\/posts\/75826","targetHints":{"allow":["GET"]}}],"collection":[{"href":"https:\/\/jms.com.bo\/mediamonitor\/wp-json\/wp\/v2\/posts"}],"about":[{"href":"https:\/\/jms.com.bo\/mediamonitor\/wp-json\/wp\/v2\/types\/post"}],"author":[{"embeddable":true,"href":"https:\/\/jms.com.bo\/mediamonitor\/wp-json\/wp\/v2\/users\/2"}],"replies":[{"embeddable":true,"href":"https:\/\/jms.com.bo\/mediamonitor\/wp-json\/wp\/v2\/comments?post=75826"}],"version-history":[{"count":0,"href":"https:\/\/jms.com.bo\/mediamonitor\/wp-json\/wp\/v2\/posts\/75826\/revisions"}],"wp:featuredmedia":[{"embeddable":true,"href":"https:\/\/jms.com.bo\/mediamonitor\/wp-json\/wp\/v2\/media\/3165"}],"wp:attachment":[{"href":"https:\/\/jms.com.bo\/mediamonitor\/wp-json\/wp\/v2\/media?parent=75826"}],"wp:term":[{"taxonomy":"category","embeddable":true,"href":"https:\/\/jms.com.bo\/mediamonitor\/wp-json\/wp\/v2\/categories?post=75826"},{"taxonomy":"post_tag","embeddable":true,"href":"https:\/\/jms.com.bo\/mediamonitor\/wp-json\/wp\/v2\/tags?post=75826"}],"curies":[{"name":"wp","href":"https:\/\/api.w.org\/{rel}","templated":true}]}}