{"id":75828,"date":"2025-04-16T06:35:10","date_gmt":"2025-04-16T10:35:10","guid":{"rendered":"https:\/\/jms.com.bo\/mediamonitor\/2025\/04\/16\/recurso-pone-a-prueba-decision-de-no-interrumpir-las-elecciones\/"},"modified":"2025-04-16T06:35:10","modified_gmt":"2025-04-16T10:35:10","slug":"recurso-pone-a-prueba-decision-de-no-interrumpir-las-elecciones","status":"publish","type":"post","link":"https:\/\/jms.com.bo\/mediamonitor\/2025\/04\/16\/recurso-pone-a-prueba-decision-de-no-interrumpir-las-elecciones\/","title":{"rendered":"Recurso pone a prueba decisi\u00f3n de no interrumpir las elecciones"},"content":{"rendered":"<p style=\"text-align: justify;\">Una acci\u00f3n de inconstitucionalidad presentada ante el Tribunal Constitucional Plurinacional (TCP) por el diputado \u2018arcista\u2019 Israel Huaytari en contra de la convocatoria a las elecciones generales emitida por el Tribunal Supremo Electoral (TSE) pone a prueba el compromiso de las autoridades judiciales y constitucionales de no interrumpir este proceso, programado para el 17 de agosto de este a\u00f1o.<\/p>\n<p style=\"text-align: justify;\">El parlamentario potosino present\u00f3 en las \u00faltimas horas una Acci\u00f3n de Inconstitucionalidad Abstracta (AIA) en el TCP y, con este recurso, solicita que se obligue a los partidos y alianzas pol\u00edticas a respetar la paridad y equidad de g\u00e9nero en la inscripci\u00f3n de candidatos a la presidencia y a la vicepresidencia del pa\u00eds.<\/p>\n<p style=\"text-align: justify;\">En su memorial, el expresidente de Diputados pide que se ordene: \u201cla presencia de un candidato ya sea var\u00f3n o mujer para la Presidencia, y entonces deber\u00e1 inscribir a un candidato de distinto sexo para la Vicepresidencia, o en su caso, admitir la inscripci\u00f3n de un trinomio, permitiendo que en la n\u00f3mina se consignen a dos candidatos para la Vicepresidencia, que deber\u00edan ser de ambos sexos, para que, dependiendo de la resoluci\u00f3n de la presente acci\u00f3n normativa sea autom\u00e1ticamente habilitado uno de ellos (&#8230;)\u201d.<\/p>\n<p style=\"text-align: justify;\">Solicita la admisi\u00f3n de esta acci\u00f3n y que se declare la inconstitucionalidad de la resoluci\u00f3n TSE-RSP ADM N\u00ba 0202\/2025, del 3 de abril pasado, \u201cConvocatoria a Elecciones de Autoridades y Representantes del Estado Plurinacional 2025\u201d.<\/p>\n<p style=\"text-align: justify;\">Asimismo, pide que se conceda la medida cautelar ordenando al Tribunal Supremo Electoral (TSE) la inclusi\u00f3n en la convocatoria a elecciones el requisito de la paridad y la equidad de g\u00e9nero en los binomios para la Presidencia y la Vicepresidencia.<\/p>\n<p style=\"text-align: justify;\">PRINCIPIO DE PRECLUSI\u00d3N<\/p>\n<p style=\"text-align: justify;\">Huaytari aclara en su memorial que \u201cen ning\u00fan momento se pretende la suspensi\u00f3n de las elecciones generales, mismas que deber\u00e1n continuar en su tr\u00e1mite hasta concluir con el calendario electoral\u201d.<\/p>\n<p style=\"text-align: justify;\">Sin embargo, en los \u00faltimos meses, en varias oportunidades los vocales del TSE solicitaron a los legisladores y al Gobierno la aprobaci\u00f3n de una ley que obligue al respeto del \u2018principio de preclusi\u00f3n\u2019, es decir, que no se pueda retroceder en los pasos del calendario electoral.<\/p>\n<p style=\"text-align: justify;\">LOS COMPROMISOS<\/p>\n<p style=\"text-align: justify;\">El 18 de febrero de 2025, en el \u2018Tercer Encuentro Multipartidario e Interinstitucional por la Democracia\u2019 realizado en La Paz se acord\u00f3 respaldar las elecciones generales de agosto, garantizar los recursos para su organizaci\u00f3n y poner en marcha el Sistema de Transmisi\u00f3n de Resultados Electorales Preliminares (TREP) el d\u00eda del sufragio. Entre los puntos acordados est\u00e1 el compromiso de que el TSE har\u00e1 cumplir y respetar las normas vigentes y la Constituci\u00f3n Pol\u00edtica del Estado respecto a la paridad y alternancia de g\u00e9nero impulsando la participaci\u00f3n pol\u00edtica de las mujeres.<\/p>\n<p style=\"text-align: justify;\">Ese d\u00eda, al salir de la Casa Grande del Pueblo, el presidente del Tribunal Supremo de Justicia (TSJ), Romer Saucedo, asever\u00f3: \u201cHemos logrado acuerdos importantes donde ratificamos ese compromiso democr\u00e1tico de que las elecciones se puedan llevar adelante en agosto para que ning\u00fan juez quiera convertirse en mercenario de la democracia\u201d, afirm\u00f3 al referirse al Encuentro convocado por el presidente Luis Arce.<\/p>\n<p style=\"text-align: justify;\">El viernes pasado, Saucedo reiter\u00f3 que \u201cla justicia estar\u00e1 para garantizar, mediante el sistema de pesos y contrapesos, que el pueblo de manera soberana elija a sus representantes pol\u00edticos\u201d.<\/p>\n<p style=\"text-align: justify;\">\u201cNo tiene que repetirse lo que pas\u00f3 en las elecciones judiciales, donde se interrumpieron procesos democr\u00e1ticos consagrados en la Constituci\u00f3n Pol\u00edtica del Estado\u201d, sentenci\u00f3.<\/p>\n<p style=\"text-align: justify;\">Tras la presentaci\u00f3n del recurso de inconstitucionalidad por parte de Huaytari, fuentes confiables del TCP aseguraron este martes a CORREO DEL SUR que esa instituci\u00f3n tampoco interrumpir\u00eda las pr\u00f3ximas elecciones, tomando en cuenta que el parlamentario accionante no pide como medida cautelar el freno de este proceso.<\/p>\n<p style=\"text-align: justify;\">Luis Alberto Ruiz: Allanan v\u00eda para habilitar a Evo<\/p>\n<p style=\"text-align: justify;\">Para el abogado y analista pol\u00edtico Luis Alberto Ruiz, lo \u00fanico que podr\u00eda suspender las elecciones es la renuncia de los vocales del TSE y, en su criterio, no hay ning\u00fan riesgo de postergaci\u00f3n porque la paridad de g\u00e9nero ya est\u00e1 incluida en la CPE, aunque no sea para la Presidencia y la Vicepresidencia del pa\u00eds.<\/p>\n<p style=\"text-align: justify;\">En declaraciones a CORREO DEL SUR, aclar\u00f3 que el art\u00edculo 166 de la CPE establece claramente que \u201cla Presidenta o el Presidente, o la Vicepresidenta y Vicepresidente del Estado ser\u00e1n elegidas o elegidos por sufragio universal (\u2026)\u201d.<\/p>\n<p style=\"text-align: justify;\">En todo caso, advirti\u00f3 que con este recurso se prepara el terreno para la habilitaci\u00f3n de Evo Morales como candidato. \u201cNo le doy hasta el 10 del pr\u00f3ximo mes (mayo), o quiz\u00e1 much\u00edsimo antes, la habilitaci\u00f3n de Evo Morales. En esa habilitaci\u00f3n van a querer utilizar un artilugio constitucional del derecho humano (a la reelecci\u00f3n)\u201d, anticip\u00f3. En su opini\u00f3n, buscan \u201cmodificar de facto la CPE\u201d.<\/p>\n<p style=\"text-align: justify;\">El analista dijo que se intenta hacer una \u201creforma de facto\u201d de la CPE para medir c\u00f3mo reacciona el pueblo boliviano ante la habilitaci\u00f3n de Morales. \u201cNi los evistas se dan cuenta\u201d, agreg\u00f3.<\/p>\n<p style=\"text-align: justify;\">Ruiz indic\u00f3 que hay tres recursos pendientes en el TCP sobre la habilitaci\u00f3n de Morales y que este \u00faltimo, presentado por Huaytari, dar\u00e1 pie a que se hable del presidente y el vicepresidente. \u201cEsta ser\u00e1 la pata de palo que les va a servir en qu\u00e9 apoyarse para sacar las dem\u00e1s (acciones) para habilitar a Evo Morales\u201d, sentenci\u00f3.<\/p>\n<p style=\"text-align: justify;\">Diputada ve que buscan detener los comicios<\/p>\n<p style=\"text-align: justify;\">La diputada Lissa Claros (CC) advirti\u00f3 que la demanda de Israel Huaytari tiene la intenci\u00f3n de perjudicar las elecciones, en el entendido de que busca frenar los comicios generales, dado que los binomios deben estar definidos hasta mayo, seg\u00fan el calendario electoral. Si alguna dupla incumpliera este requisito, las elecciones podr\u00edan postergarse.<\/p>\n<p style=\"text-align: justify;\">La acci\u00f3n constitucional est\u00e1 en la l\u00ednea de la solicitud del Tribunal Supremo Electoral (TSE), \u00f3rgano que present\u00f3 un proyecto de ley que establezca la equidad y paridad de g\u00e9nero en los binomios presidenciales, de cara a las elecciones del 17 de agosto.<\/p>\n<p style=\"text-align: justify;\">Este proyecto fue aprobado el 6 de marzo por la Comisi\u00f3n de Democracia de la C\u00e1mara de Diputados. Su tr\u00e1mite se paraliz\u00f3 en esa instancia, por lo que restar\u00eda su tratamiento en la comisi\u00f3n respectiva y en el pleno camaral.<\/p>\n<p style=\"text-align: justify;\">TCP puede no aplicar medida cautelar<\/p>\n<p style=\"text-align: justify;\">El abogado constitucionalista Eusebio Vera dijo que el TCP no podr\u00e1 rechazar el recurso presentado por Israel Huytari, pero admiti\u00f3 que tambi\u00e9n es facultad aplicar o no la petici\u00f3n de medida cautelar que solicita el expresidente de la C\u00e1mara de Diputados.<\/p>\n<p style=\"text-align: justify;\">\u201cEs una aberraci\u00f3n que se aplique la equidad de g\u00e9nero en elecciones generales que se vincula a la elecci\u00f3n de un mandatario de Estado, o una mandataria de Estado. No tiene aplicabilidad la petici\u00f3n mediante un recurso constitucional abstracto\u201d, afirm\u00f3 el abogado especialista, citado por El Deber.<\/p>\n<p style=\"text-align: justify;\">Respecto a un riesgo de paralizaci\u00f3n del calendario electoral, explic\u00f3 que el C\u00f3digo Procesal Constitucional, que rige las tareas del TCP, establece en su art\u00edculo 9 que es potestad de este tribunal aplicar o no la petici\u00f3n de medida cautelar que pide el solicitante, y tomando el \u2018bien mayor\u2019 como medida de aplicabilidad se puede admitir la acci\u00f3n de inconstitucionalidad, pero sin medida cautelar.<\/p>\n<p style=\"text-align: justify;\">Silva: Se pone en riesgo las elecciones<\/p>\n<p style=\"text-align: justify;\">Seg\u00fan el polit\u00f3logo Marcelo Silva, el recurso de Israel Huaytari (MAS) para que en las elecciones generales se incluya la equidad de g\u00e9nero en los binomios presidenciales pone en riesgo el proceso electoral en curso.<\/p>\n<p style=\"text-align: justify;\">\u201cLas elecciones se ponen en incertidumbre porque hay una solicitud de medida cautelar en medio y eso significa que se modifique la convocatoria en funci\u00f3n de la inscripci\u00f3n de binomios y alternancia\u201d, afirm\u00f3, citado por Unitel.<\/p>\n<p style=\"text-align: justify;\">El problema surge, seg\u00fan Silva, porque el TCP se tomar\u00e1 su tiempo para evaluar el recurso y en ese lapso se pueden inscribir los binomios sin la paridad de g\u00e9nero, por lo que, al momento de haber una resoluci\u00f3n, estas candidaturas podr\u00edan quedar inhabilitadas y generar que el \u00d3rgano Electoral modifique o postergue la convocatoria.<\/p>\n<p style=\"text-align: justify;\">\u201cEsta solicitud es extempor\u00e1nea, no tiene sentido. Yo creo que el diputado Huaytari, por responsabilidad, deber\u00eda retirar recurso ante el TCP porque pone en riesgo la realizaci\u00f3n de las elecciones\u201d, remarc\u00f3 Silva.<\/p>\n","protected":false},"excerpt":{"rendered":"<p>Una acci\u00f3n de inconstitucionalidad presentada ante el Tribunal Constitucional Plurinacional (TCP) por el diputado \u2018arcista\u2019 Israel Huaytari en contra de la convocatoria a las elecciones generales emitida por el Tribunal Supremo Electoral (TSE) pone a prueba el compromiso de las autoridades judiciales y constitucionales de no interrumpir este proceso, programado para el 17 de agosto [&hellip;]<\/p>\n","protected":false},"author":2,"featured_media":3173,"comment_status":"closed","ping_status":"open","sticky":false,"template":"","format":"standard","meta":{"footnotes":""},"categories":[18,48,46],"tags":[],"class_list":{"0":"post-75828","1":"post","2":"type-post","3":"status-publish","4":"format-standard","5":"has-post-thumbnail","7":"category-politica","8":"category-portada-general-sitio","9":"category-portada-politica"},"_links":{"self":[{"href":"https:\/\/jms.com.bo\/mediamonitor\/wp-json\/wp\/v2\/posts\/75828","targetHints":{"allow":["GET"]}}],"collection":[{"href":"https:\/\/jms.com.bo\/mediamonitor\/wp-json\/wp\/v2\/posts"}],"about":[{"href":"https:\/\/jms.com.bo\/mediamonitor\/wp-json\/wp\/v2\/types\/post"}],"author":[{"embeddable":true,"href":"https:\/\/jms.com.bo\/mediamonitor\/wp-json\/wp\/v2\/users\/2"}],"replies":[{"embeddable":true,"href":"https:\/\/jms.com.bo\/mediamonitor\/wp-json\/wp\/v2\/comments?post=75828"}],"version-history":[{"count":0,"href":"https:\/\/jms.com.bo\/mediamonitor\/wp-json\/wp\/v2\/posts\/75828\/revisions"}],"wp:featuredmedia":[{"embeddable":true,"href":"https:\/\/jms.com.bo\/mediamonitor\/wp-json\/wp\/v2\/posts\/3173"}],"wp:attachment":[{"href":"https:\/\/jms.com.bo\/mediamonitor\/wp-json\/wp\/v2\/media?parent=75828"}],"wp:term":[{"taxonomy":"category","embeddable":true,"href":"https:\/\/jms.com.bo\/mediamonitor\/wp-json\/wp\/v2\/categories?post=75828"},{"taxonomy":"post_tag","embeddable":true,"href":"https:\/\/jms.com.bo\/mediamonitor\/wp-json\/wp\/v2\/tags?post=75828"}],"curies":[{"name":"wp","href":"https:\/\/api.w.org\/{rel}","templated":true}]}}