{"id":75832,"date":"2025-04-16T06:42:50","date_gmt":"2025-04-16T10:42:50","guid":{"rendered":"https:\/\/jms.com.bo\/mediamonitor\/2025\/04\/16\/el-35-de-produccion-agricola-fue-afectada-por-fenomenos-climaticos\/"},"modified":"2025-04-16T06:42:50","modified_gmt":"2025-04-16T10:42:50","slug":"el-35-de-produccion-agricola-fue-afectada-por-fenomenos-climaticos","status":"publish","type":"post","link":"https:\/\/jms.com.bo\/mediamonitor\/2025\/04\/16\/el-35-de-produccion-agricola-fue-afectada-por-fenomenos-climaticos\/","title":{"rendered":"El 3,5% de producci\u00f3n agr\u00edcola fue afectada por fen\u00f3menos clim\u00e1ticos"},"content":{"rendered":"<p style=\"text-align: justify;\">El ministro de Desarrollo Rural y Tierras, Yamil Flores, inform\u00f3 que 133.898 hect\u00e1reas de cultivos, equivalente al 3,5% de la producci\u00f3n agr\u00edcola nacional, han sido afectadas por fen\u00f3menos clim\u00e1ticos en Bolivia. A pesar de las p\u00e9rdidas, el titular descart\u00f3 riesgos para la seguridad alimentaria y asegur\u00f3 que el abastecimiento interno est\u00e1 garantizado.<\/p>\n<p style=\"text-align: justify;\">Seg\u00fan el reporte oficial, las inclemencias clim\u00e1ticas tambi\u00e9n han impactado a:<\/p>\n<p style=\"text-align: justify;\">-678.985 cabezas de ganado.<\/p>\n<p style=\"text-align: justify;\">-212.226 productores agr\u00edcolas.<\/p>\n<p style=\"text-align: justify;\">-136 municipios y 4.005 comunidades en los nueve departamentos del pa\u00eds.<\/p>\n<p style=\"text-align: justify;\">Flores atribuy\u00f3 las versiones sobre una posible escasez a \u201cespeculaciones de algunos pol\u00edticos y candidatos\u201d, y enfatiz\u00f3 que el Gobierno trabaja para mitigar los efectos y garantizar la estabilidad alimentaria.<\/p>\n<p style=\"text-align: justify;\">M\u00e1s de 40 t\u00e9cnicos del Observatorio Agroambiental Productivo (OAP) realizan evaluaciones en campo, complementadas con im\u00e1genes satelitales. El ministro adelant\u00f3 que en dos semanas se presentar\u00e1 un informe detallado sobre las p\u00e9rdidas.<\/p>\n<p style=\"text-align: justify;\">Hasta la fecha, se ha recolectado el 47% de la cosecha, con expectativas favorables, especialmente en cultivos como la soya. El Gobierno coordina con la Asociaci\u00f3n de<\/p>\n<p style=\"text-align: justify;\">Productores de Oleaginosas y Trigo (Anapo) para analizar la producci\u00f3n y evaluar la posibilidad de exportar excedentes, siempre priorizando el mercado interno.<\/p>\n<p style=\"text-align: justify;\">El Ejecutivo anunci\u00f3 que atender\u00e1 de manera prioritaria a los productores afectados y mantendr\u00e1 una pol\u00edtica flexible en la comercializaci\u00f3n internacional de granos, sin comprometer el abastecimiento local.<\/p>\n","protected":false},"excerpt":{"rendered":"<p>El ministro de Desarrollo Rural y Tierras, Yamil Flores, inform\u00f3 que 133.898 hect\u00e1reas de cultivos, equivalente al 3,5% de la producci\u00f3n agr\u00edcola nacional, han sido afectadas por fen\u00f3menos clim\u00e1ticos en Bolivia. A pesar de las p\u00e9rdidas, el titular descart\u00f3 riesgos para la seguridad alimentaria y asegur\u00f3 que el abastecimiento interno est\u00e1 garantizado. Seg\u00fan el reporte [&hellip;]<\/p>\n","protected":false},"author":2,"featured_media":3187,"comment_status":"closed","ping_status":"open","sticky":false,"template":"","format":"standard","meta":{"footnotes":""},"categories":[25,45,48],"tags":[],"class_list":{"0":"post-75832","1":"post","2":"type-post","3":"status-publish","4":"format-standard","5":"has-post-thumbnail","7":"category-economia","8":"category-portada-economia","9":"category-portada-general-sitio"},"_links":{"self":[{"href":"https:\/\/jms.com.bo\/mediamonitor\/wp-json\/wp\/v2\/posts\/75832","targetHints":{"allow":["GET"]}}],"collection":[{"href":"https:\/\/jms.com.bo\/mediamonitor\/wp-json\/wp\/v2\/posts"}],"about":[{"href":"https:\/\/jms.com.bo\/mediamonitor\/wp-json\/wp\/v2\/types\/post"}],"author":[{"embeddable":true,"href":"https:\/\/jms.com.bo\/mediamonitor\/wp-json\/wp\/v2\/users\/2"}],"replies":[{"embeddable":true,"href":"https:\/\/jms.com.bo\/mediamonitor\/wp-json\/wp\/v2\/comments?post=75832"}],"version-history":[{"count":0,"href":"https:\/\/jms.com.bo\/mediamonitor\/wp-json\/wp\/v2\/posts\/75832\/revisions"}],"wp:featuredmedia":[{"embeddable":true,"href":"https:\/\/jms.com.bo\/mediamonitor\/wp-json\/wp\/v2\/media\/3187"}],"wp:attachment":[{"href":"https:\/\/jms.com.bo\/mediamonitor\/wp-json\/wp\/v2\/media?parent=75832"}],"wp:term":[{"taxonomy":"category","embeddable":true,"href":"https:\/\/jms.com.bo\/mediamonitor\/wp-json\/wp\/v2\/categories?post=75832"},{"taxonomy":"post_tag","embeddable":true,"href":"https:\/\/jms.com.bo\/mediamonitor\/wp-json\/wp\/v2\/tags?post=75832"}],"curies":[{"name":"wp","href":"https:\/\/api.w.org\/{rel}","templated":true}]}}