{"id":75839,"date":"2025-04-16T06:56:48","date_gmt":"2025-04-16T10:56:48","guid":{"rendered":"https:\/\/jms.com.bo\/mediamonitor\/2025\/04\/16\/en-un-ano-mas-bolivia-producira-el-80-del-diesel-que-consume-segun-arce\/"},"modified":"2025-04-16T06:56:48","modified_gmt":"2025-04-16T10:56:48","slug":"en-un-ano-mas-bolivia-producira-el-80-del-diesel-que-consume-segun-arce","status":"publish","type":"post","link":"https:\/\/jms.com.bo\/mediamonitor\/2025\/04\/16\/en-un-ano-mas-bolivia-producira-el-80-del-diesel-que-consume-segun-arce\/","title":{"rendered":"En un a\u00f1o m\u00e1s, Bolivia producir\u00e1 el 80% del di\u00e9sel que consume, seg\u00fan Arce"},"content":{"rendered":"<p style=\"text-align: justify;\">Durante los actos de festejo por los 208 a\u00f1os de la Batalla de La Tablada, en Tarija, el presidente del Estado, Luis Arce, anunci\u00f3 que el pr\u00f3ximo a\u00f1o Bolivia producir\u00e1 el 80% del di\u00e9sel que consume, gracias a los proyectos de exploraci\u00f3n de nuevos reservorios, como Mayaya, y la producci\u00f3n de biodi\u00e9sel.<\/p>\n<p style=\"text-align: justify;\">\u201cA partir del 2026 Bolivia va a producir con materia prima nacional el 80% del di\u00e9sel que hoy consumimos\u201d, asegur\u00f3 el mandatario y explic\u00f3 que este objetivo se cumplir\u00e1 con las dos plantas de biodi\u00e9sel, una ya operando en Santa Cruz, la planta HVO (aceite vegetal hidrotratado) y la producci\u00f3n del pozo Mayaya XI.<\/p>\n<p style=\"text-align: justify;\">\u201cAh\u00ed ya vamos a solucionar (el abastecimiento de carburantes en el pa\u00eds). \u00bfQui\u00e9n est\u00e1 dando la soluci\u00f3n a ese problema estructural? El Gobierno nacional, nosotros estamos dando la soluci\u00f3n estructural\u201d, destac\u00f3 en El Puente, Tarija.<\/p>\n<p style=\"text-align: justify;\">Es la segunda vez, en menos de un mes, que Arce anuncia la producci\u00f3n del 80% del di\u00e9sel que se consumir\u00e1 en Bolivia. En el aniversario de la Federaci\u00f3n Departamental de Cooperativas Mineras (Fedecomin) de Santa Cruz, el presidente afirm\u00f3 que la actual escasez se trata de algo temporal, pues para 2026 el pa\u00eds producir\u00e1 el 80% del di\u00e9sel de la demanda nacional.<\/p>\n<p style=\"text-align: justify;\">Durante el acto en El Puente, explic\u00f3 que el desabastecimiento de combustibles se dio porque no se cuid\u00f3 la nacionalizaci\u00f3n de los hidrocarburos (2006) con una mayor inversi\u00f3n en la exploraci\u00f3n de nuevos reservorios para remplazar el gas que cada a\u00f1o se consum\u00eda.<\/p>\n<p style=\"text-align: justify;\">El presidente de YPFB, Armin Dorgathen, tambi\u00e9n anunci\u00f3 en mayo del a\u00f1o pasado que la estatal petrolera perfila producir el 80% de di\u00e9sel con exploraci\u00f3n, producci\u00f3n de crudo nacional e industrializaci\u00f3n con sustituci\u00f3n de importaciones.<\/p>\n<p style=\"text-align: justify;\">Arce asegur\u00f3 que Mayaya entrar\u00e1 en operaci\u00f3n en 2026 y Bolivia retornar\u00e1 a \u201cesos momentos en que ten\u00edamos harto combustible y gas que nos generaban exportaciones y d\u00f3lares\u00bb.<\/p>\n<p style=\"text-align: justify;\">En marzo de 2024 se puso en marcha de la Planta de Biodi\u00e9sel I en Santa Cruz, a la que se sumar\u00e1 este mes la segunda planta que se construye en la ciudad de El Alto, La Paz. \u201cYa tenemos una planta en Santa Cruz que produce biodi\u00e9sel a partir del aceite. Hay otra que este mes vamos a inaugurar tambi\u00e9n con YPFB en la ciudad de El Alto. Ya son dos plantas. Y viene en camino una m\u00e1s grande, una planta con una tecnolog\u00eda nueva, con HVO\u201d, explic\u00f3.<\/p>\n<p style=\"text-align: justify;\">\u201cHoy importamos el 90% del consumo interno de di\u00e9sel. Solo podemos producir 10%. Ah\u00ed tienen el problema. \u00bfC\u00f3mo no va a haber desabastecimiento si no hay d\u00f3lares para comprar, d\u00f3lares que est\u00e1n congelados en la Asamblea? como lo mencionaba nuestra hermana alcaldesa que conoce, y todos los alcaldes conocen que hay un problema serio en la Asamblea de no aprobar los cr\u00e9ditos y por lo tanto no entran d\u00f3lares y por lo tanto no se puede garantizar el abastecimiento de combustible\u201d, argument\u00f3 el jefe de Estado.<\/p>\n","protected":false},"excerpt":{"rendered":"<p>Durante los actos de festejo por los 208 a\u00f1os de la Batalla de La Tablada, en Tarija, el presidente del Estado, Luis Arce, anunci\u00f3 que el pr\u00f3ximo a\u00f1o Bolivia producir\u00e1 el 80% del di\u00e9sel que consume, gracias a los proyectos de exploraci\u00f3n de nuevos reservorios, como Mayaya, y la producci\u00f3n de biodi\u00e9sel. \u201cA partir del [&hellip;]<\/p>\n","protected":false},"author":2,"featured_media":3214,"comment_status":"closed","ping_status":"open","sticky":false,"template":"","format":"standard","meta":{"footnotes":""},"categories":[48,43],"tags":[],"class_list":{"0":"post-75839","1":"post","2":"type-post","3":"status-publish","4":"format-standard","5":"has-post-thumbnail","7":"category-portada-general-sitio","8":"category-portada-oil-gas"},"_links":{"self":[{"href":"https:\/\/jms.com.bo\/mediamonitor\/wp-json\/wp\/v2\/posts\/75839","targetHints":{"allow":["GET"]}}],"collection":[{"href":"https:\/\/jms.com.bo\/mediamonitor\/wp-json\/wp\/v2\/posts"}],"about":[{"href":"https:\/\/jms.com.bo\/mediamonitor\/wp-json\/wp\/v2\/types\/post"}],"author":[{"embeddable":true,"href":"https:\/\/jms.com.bo\/mediamonitor\/wp-json\/wp\/v2\/users\/2"}],"replies":[{"embeddable":true,"href":"https:\/\/jms.com.bo\/mediamonitor\/wp-json\/wp\/v2\/comments?post=75839"}],"version-history":[{"count":0,"href":"https:\/\/jms.com.bo\/mediamonitor\/wp-json\/wp\/v2\/posts\/75839\/revisions"}],"wp:featuredmedia":[{"embeddable":true,"href":"https:\/\/jms.com.bo\/mediamonitor\/wp-json\/"}],"wp:attachment":[{"href":"https:\/\/jms.com.bo\/mediamonitor\/wp-json\/wp\/v2\/media?parent=75839"}],"wp:term":[{"taxonomy":"category","embeddable":true,"href":"https:\/\/jms.com.bo\/mediamonitor\/wp-json\/wp\/v2\/categories?post=75839"},{"taxonomy":"post_tag","embeddable":true,"href":"https:\/\/jms.com.bo\/mediamonitor\/wp-json\/wp\/v2\/tags?post=75839"}],"curies":[{"name":"wp","href":"https:\/\/api.w.org\/{rel}","templated":true}]}}