{"id":75840,"date":"2025-04-17T06:48:55","date_gmt":"2025-04-17T10:48:55","guid":{"rendered":"https:\/\/jms.com.bo\/mediamonitor\/2025\/04\/17\/sedes-reporta-incremento-exponencial-de-las-enfermedades-diarreicas-en-la-paz\/"},"modified":"2025-04-17T06:48:55","modified_gmt":"2025-04-17T10:48:55","slug":"sedes-reporta-incremento-exponencial-de-las-enfermedades-diarreicas-en-la-paz","status":"publish","type":"post","link":"https:\/\/jms.com.bo\/mediamonitor\/2025\/04\/17\/sedes-reporta-incremento-exponencial-de-las-enfermedades-diarreicas-en-la-paz\/","title":{"rendered":"Sedes reporta incremento \u2018exponencial\u2019 de las enfermedades diarreicas en La Paz"},"content":{"rendered":"<p style=\"text-align: justify;\">El Servicio Departamental de Salud (Sedes) La Paz report\u00f3 este mi\u00e9rcoles un incremento de los casos de enfermedades diarreicas agudas. Se sospecha que los factores climatol\u00f3gicos que afectan a varias regiones est\u00e1n relacionados con en este llamativo ascenso de pacientes.<\/p>\n<p style=\"text-align: justify;\">El jefe de la Unidad de Epidemiolog\u00eda e Investigaci\u00f3n del Sedes La Paz, Javier Mamani, indic\u00f3 que esta \u00faltima semana se report\u00f3 un total de 2.151 casos, lo que representa un ascenso respecto a la semana previa.<\/p>\n<p style=\"text-align: justify;\">\u201cDurante esta \u00faltima semana ha habido un incremento exponencial de un 7,7%\u201d, puntualiz\u00f3 Mamani.<\/p>\n<p style=\"text-align: justify;\">Una de las principales hip\u00f3tesis es que este incremento se deba a las inclemencias del tiempo. En varias regiones del departamento a\u00fan se atraviesan temporales de lluvia e incluso las temperaturas son bajas en algunas zonas.<\/p>\n<p style=\"text-align: justify;\">ENFERMEDADES DIARREICAS<br \/>\n\u201cEl comportamiento se debe a las inclemencias que tenemos ac\u00e1 en el departamento de La Paz. Efectivamente, eso acarrea que nuestras infecciones diarreicas aguas, en este caso, vayan aumentando en la poblaci\u00f3n\u201d, afirm\u00f3.<\/p>\n<p style=\"text-align: justify;\">En ese sentido, el profesional asegur\u00f3 que se realizan trabajos especiales desde el Sedes, de manera que se activen medidas que permitan controlar estas enfermedades. Brigadas acudieron hasta las regiones afectadas.<\/p>\n<p style=\"text-align: justify;\">\u201cEn esas \u00e1reas, en esos municipios donde se han presentado justamente estos casos, nosotros, como Sedes, hemos enviado el reforzamiento de las brigadas de atenci\u00f3n m\u00e9dica que tenemos\u201d.<\/p>\n<p style=\"text-align: justify;\">Mamani indic\u00f3 que estas brigadas acuden con medicamentos, para dar respuesta a los pacientes. Considera que gracias a este trabajo se podr\u00e1 reducir los casos, que de momento presentan un incremento en cuando a enfermedades diarreicas.<\/p>\n<p style=\"text-align: justify;\">Se recomend\u00f3 a la poblaci\u00f3n mantener pr\u00e1cticas de higiene adecuadas como el lavado frecuente de manos, la desinfecci\u00f3n de alimentos y el consumo de agua potable, para prevenir estas afecciones. Asimismo, si presenta alg\u00fan s\u00edntoma relacionado el consejo es acudir por atenci\u00f3n m\u00e9dica de inmediato.<\/p>\n","protected":false},"excerpt":{"rendered":"<p>El Servicio Departamental de Salud (Sedes) La Paz report\u00f3 este mi\u00e9rcoles un incremento de los casos de enfermedades diarreicas agudas. Se sospecha que los factores climatol\u00f3gicos que afectan a varias regiones est\u00e1n relacionados con en este llamativo ascenso de pacientes. El jefe de la Unidad de Epidemiolog\u00eda e Investigaci\u00f3n del Sedes La Paz, Javier Mamani, [&hellip;]<\/p>\n","protected":false},"author":2,"featured_media":75841,"comment_status":"closed","ping_status":"open","sticky":false,"template":"","format":"standard","meta":{"footnotes":""},"categories":[53],"tags":[],"class_list":{"0":"post-75840","1":"post","2":"type-post","3":"status-publish","4":"format-standard","5":"has-post-thumbnail","7":"category-salud"},"_links":{"self":[{"href":"https:\/\/jms.com.bo\/mediamonitor\/wp-json\/wp\/v2\/posts\/75840","targetHints":{"allow":["GET"]}}],"collection":[{"href":"https:\/\/jms.com.bo\/mediamonitor\/wp-json\/wp\/v2\/posts"}],"about":[{"href":"https:\/\/jms.com.bo\/mediamonitor\/wp-json\/wp\/v2\/types\/post"}],"author":[{"embeddable":true,"href":"https:\/\/jms.com.bo\/mediamonitor\/wp-json\/wp\/v2\/users\/2"}],"replies":[{"embeddable":true,"href":"https:\/\/jms.com.bo\/mediamonitor\/wp-json\/wp\/v2\/comments?post=75840"}],"version-history":[{"count":0,"href":"https:\/\/jms.com.bo\/mediamonitor\/wp-json\/wp\/v2\/posts\/75840\/revisions"}],"wp:featuredmedia":[{"embeddable":true,"href":"https:\/\/jms.com.bo\/mediamonitor\/wp-json\/wp\/v2\/media\/75841"}],"wp:attachment":[{"href":"https:\/\/jms.com.bo\/mediamonitor\/wp-json\/wp\/v2\/media?parent=75840"}],"wp:term":[{"taxonomy":"category","embeddable":true,"href":"https:\/\/jms.com.bo\/mediamonitor\/wp-json\/wp\/v2\/categories?post=75840"},{"taxonomy":"post_tag","embeddable":true,"href":"https:\/\/jms.com.bo\/mediamonitor\/wp-json\/wp\/v2\/tags?post=75840"}],"curies":[{"name":"wp","href":"https:\/\/api.w.org\/{rel}","templated":true}]}}