{"id":75842,"date":"2025-04-17T06:50:40","date_gmt":"2025-04-17T10:50:40","guid":{"rendered":"https:\/\/jms.com.bo\/mediamonitor\/2025\/04\/17\/tarija-carniceros-anuncian-paro-si-no-dialogan-con-arce\/"},"modified":"2025-04-17T06:50:40","modified_gmt":"2025-04-17T10:50:40","slug":"tarija-carniceros-anuncian-paro-si-no-dialogan-con-arce","status":"publish","type":"post","link":"https:\/\/jms.com.bo\/mediamonitor\/2025\/04\/17\/tarija-carniceros-anuncian-paro-si-no-dialogan-con-arce\/","title":{"rendered":"Tarija: Carniceros anuncian paro si no dialogan con Arce"},"content":{"rendered":"<p style=\"text-align: justify;\">La Confederaci\u00f3n Nacional de Trabajadores en Carne de Bolivia (Contracabol) ha anunciado la inminente ejecuci\u00f3n de un paro nacional indefinido a partir del 1 de mayo, en protesta por el sostenido incremento en el precio de la carne y la falta de respuesta del Gobierno central. La medida amenaza con provocar un desabastecimiento de este producto en todos los departamentos del pa\u00eds, golpeando a\u00fan m\u00e1s la ya deteriorada econom\u00eda local. Los carniceros de Tarija han confirmado que respaldar\u00e1n esta medida.<\/p>\n<p style=\"text-align: justify;\">Desde hace meses, el sector se encuentra en estado de emergencia. Seg\u00fan los dirigentes nacionales, los reclamos han sido ignorados y, en lugar de encontrar una soluci\u00f3n, han recibido represalias, pues se les acusa de subir exageradamente el costo de la carne, al punto de tener una ganancia incluso superior a los 10 bolivianos por cada kilo de carne que venden.<\/p>\n<p style=\"text-align: justify;\">\u00abDespu\u00e9s de la marcha nacional en La Paz, el Gobierno ha clausurado la carnicer\u00eda de uno de nuestros dirigentes en El Alto. Eso ha encendido a\u00fan m\u00e1s la molestia del sector\u00bb, denunci\u00f3 Lorenzo Vel\u00e1squez, representante de los vendedores de carne en Tarija.<\/p>\n<p style=\"text-align: justify;\">Di\u00e1logo con Arce<\/p>\n<p style=\"text-align: justify;\">Contracabol ha reiterado su apertura al di\u00e1logo, pero con una condici\u00f3n, la reuni\u00f3n debe realizarse directamente con el presidente Luis Arce. \u201cNo vamos a aceptar negociaciones con viceministros. Ya hemos esperado bastante, vamos a guardar hasta despu\u00e9s de Semana Santa, pero si no hay una respuesta, nos vamos al paro\u201d, advirti\u00f3 Vel\u00e1squez entrevistado por Plus TLT.<\/p>\n<p style=\"text-align: justify;\">El dirigente confirm\u00f3 que el departamento de Tarija respaldar\u00e1 las determinaciones adoptadas por la Confederaci\u00f3n a nivel nacional. Asegura que la medida no busca perjudicar a la poblaci\u00f3n, sino presionar por una soluci\u00f3n estructural al incremento de precios, que ha deteriorado las ventas y puesto en riesgo la sostenibilidad del rubro.<\/p>\n<p style=\"text-align: justify;\">Uno de los principales reclamos del sector est\u00e1 relacionado con el precio del kilo gancho y del kilo vivo, que, seg\u00fan el dirigente, contin\u00faa elevado pese a los anuncios de control. \u201cMientras no haya una rebaja real en el precio del kilo vivo, las ventas no van a mejorar\u201d, explic\u00f3 Vel\u00e1squez.<\/p>\n<p style=\"text-align: justify;\">El dirigente confirm\u00f3 que varios de los carniceros han decidido cambiar de rubro, principalmente en los mercados municipales, esto por el hecho que el precio de la carne criolla tambi\u00e9n ha subido de precio.<\/p>\n<p style=\"text-align: justify;\">El dirigente de Contracabol, Rub\u00e9n Soria, se\u00f1al\u00f3 que inicialmente los argumentos de la suba de la carne, eran atribuidos al incremento del precio del di\u00e9sel y los incendios forestales, pero critic\u00f3 su persistente encarecimiento pese a que no ha incendios y los carburantes han sido relativamente normalizados.<\/p>\n<p style=\"text-align: justify;\">Los carniceros piden mantener el precio referencial del kilo gancho entre 24 a 27 bolivianos y descartan ser responsables de la subida de precio. Asimismo, cuestionaron el trabajo de la Aduana Nacional y militares en la lucha contra el contrabando, ya que el producto se va a los pa\u00edses vecinos a vista y paciencia de los encargados de controlar.<\/p>\n","protected":false},"excerpt":{"rendered":"<p>La Confederaci\u00f3n Nacional de Trabajadores en Carne de Bolivia (Contracabol) ha anunciado la inminente ejecuci\u00f3n de un paro nacional indefinido a partir del 1 de mayo, en protesta por el sostenido incremento en el precio de la carne y la falta de respuesta del Gobierno central. La medida amenaza con provocar un desabastecimiento de este [&hellip;]<\/p>\n","protected":false},"author":2,"featured_media":75843,"comment_status":"closed","ping_status":"open","sticky":false,"template":"","format":"standard","meta":{"footnotes":""},"categories":[57],"tags":[],"class_list":{"0":"post-75842","1":"post","2":"type-post","3":"status-publish","4":"format-standard","5":"has-post-thumbnail","7":"category-alimentos-y-agroindustria"},"_links":{"self":[{"href":"https:\/\/jms.com.bo\/mediamonitor\/wp-json\/wp\/v2\/posts\/75842","targetHints":{"allow":["GET"]}}],"collection":[{"href":"https:\/\/jms.com.bo\/mediamonitor\/wp-json\/wp\/v2\/posts"}],"about":[{"href":"https:\/\/jms.com.bo\/mediamonitor\/wp-json\/wp\/v2\/types\/post"}],"author":[{"embeddable":true,"href":"https:\/\/jms.com.bo\/mediamonitor\/wp-json\/wp\/v2\/users\/2"}],"replies":[{"embeddable":true,"href":"https:\/\/jms.com.bo\/mediamonitor\/wp-json\/wp\/v2\/comments?post=75842"}],"version-history":[{"count":0,"href":"https:\/\/jms.com.bo\/mediamonitor\/wp-json\/wp\/v2\/posts\/75842\/revisions"}],"wp:featuredmedia":[{"embeddable":true,"href":"https:\/\/jms.com.bo\/mediamonitor\/wp-json\/wp\/v2\/media\/75843"}],"wp:attachment":[{"href":"https:\/\/jms.com.bo\/mediamonitor\/wp-json\/wp\/v2\/media?parent=75842"}],"wp:term":[{"taxonomy":"category","embeddable":true,"href":"https:\/\/jms.com.bo\/mediamonitor\/wp-json\/wp\/v2\/categories?post=75842"},{"taxonomy":"post_tag","embeddable":true,"href":"https:\/\/jms.com.bo\/mediamonitor\/wp-json\/wp\/v2\/tags?post=75842"}],"curies":[{"name":"wp","href":"https:\/\/api.w.org\/{rel}","templated":true}]}}