{"id":75844,"date":"2025-04-17T06:53:38","date_gmt":"2025-04-17T10:53:38","guid":{"rendered":"https:\/\/jms.com.bo\/mediamonitor\/2025\/04\/17\/surgen-dos-anuncios-de-recursos-de-inconstitucionalidad-contra-las-elecciones-por-parte-de-indigenas\/"},"modified":"2025-04-17T06:53:38","modified_gmt":"2025-04-17T10:53:38","slug":"surgen-dos-anuncios-de-recursos-de-inconstitucionalidad-contra-las-elecciones-por-parte-de-indigenas","status":"publish","type":"post","link":"https:\/\/jms.com.bo\/mediamonitor\/2025\/04\/17\/surgen-dos-anuncios-de-recursos-de-inconstitucionalidad-contra-las-elecciones-por-parte-de-indigenas\/","title":{"rendered":"Surgen dos anuncios de recursos de inconstitucionalidad contra las elecciones por parte de ind\u00edgenas"},"content":{"rendered":"<p style=\"text-align: justify;\">La Confederaci\u00f3n de Pueblos Ind\u00edgenas del Oriente Boliviano (CIDOB) y el exmagistrado del Tribunal Constitucional Plurinacional (TCP) Gualberto Cusi anunciaron por separado que presentar\u00e1n recursos de inconstitucionalidad contra las normas electorales vigentes, denunciando limitaciones a la participaci\u00f3n de pueblos ind\u00edgenas en las elecciones generales del pr\u00f3ximo 17 de agosto.<\/p>\n<p style=\"text-align: justify;\">Cusi inform\u00f3 que presentar\u00e1 una acci\u00f3n de inconstitucionalidad abstracta ante el TCP, con el argumento de que el Estado no garantiza igualdad de condiciones entre partidos pol\u00edticos, agrupaciones ciudadanas y pueblos ind\u00edgenas. \u201cS\u00f3lo los que tienen partido y plata pueden tener candidatos. La Constituci\u00f3n dice otra cosa\u201d, declar\u00f3 a la ANF.<\/p>\n<p style=\"text-align: justify;\">El exmagistrado cuestion\u00f3 que las leyes electorales actuales restrinjan a las organizaciones ind\u00edgenas al \u00e1mbito subnacional, desconociendo \u2014seg\u00fan \u00e9l\u2014 el precepto constitucional que permite su participaci\u00f3n en los comicios nacionales.<\/p>\n<p style=\"text-align: justify;\">Por su parte, Luis Enrique Ardaya, asesor legal de la CIDOB, inform\u00f3 que esa organizaci\u00f3n present\u00f3 formalmente ante el Tribunal Supremo Electoral (TSE) todos los requisitos legales respaldados por el art\u00edculo 219 de la Constituci\u00f3n para participar como naci\u00f3n ind\u00edgena originaria campesina en las elecciones generales. Adem\u00e1s, se\u00f1al\u00f3 que han propuesto a Fausto Araya como candidato presidencial, y aclar\u00f3 que no establecer\u00e1n alianzas con partidos pol\u00edticos.<\/p>\n<p style=\"text-align: justify;\">Ardaya denunci\u00f3 que, si bien el plazo inicial para la inscripci\u00f3n de alianzas venc\u00eda este viernes, las autoridades electorales les prometieron postergar ese plazo hasta la pr\u00f3xima semana. \u201cLo que corresponde jur\u00eddicamente es tomar las acciones pertinentes que voy a comunicar. De no darse este registro, vamos a presentar un recurso de inconstitucionalidad abstracta en contra de la Ley 1096 de Organizaciones Pol\u00edticas, lo pr\u00f3ximo ser\u00e1 un amparo constitucional por la lesi\u00f3n de derechos, y el \u00faltimo paso ser\u00e1 elevar la denuncia a instancias internacionales, como es la CIDH\u201d, advirti\u00f3.<\/p>\n<p style=\"text-align: justify;\">Respuesta del TSE<\/p>\n<p style=\"text-align: justify;\">Francisco Vargas, vicepresidente del TSE, afirm\u00f3 que la participaci\u00f3n de los pueblos ind\u00edgenas en procesos electorales est\u00e1 limitada actualmente a los niveles subnacionales, de acuerdo con la Ley N\u00b0 1096 de Organizaciones Pol\u00edticas. \u201cNos causa extra\u00f1eza la presentaci\u00f3n de estos recursos que pudieron haberse regulado previamente a trav\u00e9s de una ley espec\u00edfica. Existe una duda razonable sobre el art\u00edculo 109 de la Constituci\u00f3n, y en ese marco se remitieron recursos de inconstitucionalidad para su an\u00e1lisis\u201d, indic\u00f3.<\/p>\n<p style=\"text-align: justify;\">Vargas precis\u00f3 que, en caso de recibir solicitudes formales de organizaciones ind\u00edgenas para postular en las elecciones generales, la Sala Plena del TSE las analizar\u00e1 caso por caso, en el marco constitucional y respetando los derechos de estos sectores.<\/p>\n<p style=\"text-align: justify;\">El vocal Gustavo \u00c1vila ratific\u00f3 que ninguna de estas acciones judiciales detendr\u00e1 el cronograma electoral. \u201cEl proceso electoral no va a parar, tenemos el objetivo de realizar las elecciones el 17 de agosto\u201d, enfatiz\u00f3.<\/p>\n","protected":false},"excerpt":{"rendered":"<p>La Confederaci\u00f3n de Pueblos Ind\u00edgenas del Oriente Boliviano (CIDOB) y el exmagistrado del Tribunal Constitucional Plurinacional (TCP) Gualberto Cusi anunciaron por separado que presentar\u00e1n recursos de inconstitucionalidad contra las normas electorales vigentes, denunciando limitaciones a la participaci\u00f3n de pueblos ind\u00edgenas en las elecciones generales del pr\u00f3ximo 17 de agosto. Cusi inform\u00f3 que presentar\u00e1 una acci\u00f3n [&hellip;]<\/p>\n","protected":false},"author":2,"featured_media":75845,"comment_status":"closed","ping_status":"open","sticky":false,"template":"","format":"standard","meta":{"footnotes":""},"categories":[49],"tags":[],"class_list":{"0":"post-75844","1":"post","2":"type-post","3":"status-publish","4":"format-standard","5":"has-post-thumbnail","7":"category-social"},"_links":{"self":[{"href":"https:\/\/jms.com.bo\/mediamonitor\/wp-json\/wp\/v2\/posts\/75844","targetHints":{"allow":["GET"]}}],"collection":[{"href":"https:\/\/jms.com.bo\/mediamonitor\/wp-json\/wp\/v2\/posts"}],"about":[{"href":"https:\/\/jms.com.bo\/mediamonitor\/wp-json\/wp\/v2\/types\/post"}],"author":[{"embeddable":true,"href":"https:\/\/jms.com.bo\/mediamonitor\/wp-json\/wp\/v2\/users\/2"}],"replies":[{"embeddable":true,"href":"https:\/\/jms.com.bo\/mediamonitor\/wp-json\/wp\/v2\/comments?post=75844"}],"version-history":[{"count":0,"href":"https:\/\/jms.com.bo\/mediamonitor\/wp-json\/wp\/v2\/posts\/75844\/revisions"}],"wp:featuredmedia":[{"embeddable":true,"href":"https:\/\/jms.com.bo\/mediamonitor\/wp-json\/wp\/v2\/media\/75845"}],"wp:attachment":[{"href":"https:\/\/jms.com.bo\/mediamonitor\/wp-json\/wp\/v2\/media?parent=75844"}],"wp:term":[{"taxonomy":"category","embeddable":true,"href":"https:\/\/jms.com.bo\/mediamonitor\/wp-json\/wp\/v2\/categories?post=75844"},{"taxonomy":"post_tag","embeddable":true,"href":"https:\/\/jms.com.bo\/mediamonitor\/wp-json\/wp\/v2\/tags?post=75844"}],"curies":[{"name":"wp","href":"https:\/\/api.w.org\/{rel}","templated":true}]}}