{"id":75846,"date":"2025-04-17T06:55:02","date_gmt":"2025-04-17T10:55:02","guid":{"rendered":"https:\/\/jms.com.bo\/mediamonitor\/2025\/04\/17\/trabajadores-del-concejo-protestan-frente-a-la-alcaldia-por-retraso-en-pago-de-salarios\/"},"modified":"2025-04-17T06:55:02","modified_gmt":"2025-04-17T10:55:02","slug":"trabajadores-del-concejo-protestan-frente-a-la-alcaldia-por-retraso-en-pago-de-salarios","status":"publish","type":"post","link":"https:\/\/jms.com.bo\/mediamonitor\/2025\/04\/17\/trabajadores-del-concejo-protestan-frente-a-la-alcaldia-por-retraso-en-pago-de-salarios\/","title":{"rendered":"Trabajadores del Concejo protestan frente a la Alcald\u00eda por retraso en pago de salarios"},"content":{"rendered":"<p style=\"text-align: justify;\">Con ollas, carteles y el sonido de bocinas, un grupo de trabajadores del Concejo Municipal protest\u00f3 frente al edificio principal de la alcald\u00eda de Santa Cruz para exigir el pago de salarios adeudos.<\/p>\n<p style=\"text-align: justify;\">Los empleados del \u00f3rgano legislativo denunciaron la falta de voluntad pol\u00edtica para resolver el tema salarial. \u201cNo somos el segundo patio. Nos deben el sueldo desde hace m\u00e1s de un mes. La plata est\u00e1, pero no quieren autorizar el pago porque los concejales est\u00e1n fiscalizando al alcalde Jhonny Fern\u00e1ndez. \u00bfQu\u00e9 culpa tenemos nosotros?\u201d, exclam\u00f3 una de las trabajadoras, visiblemente indignada.<\/p>\n<p style=\"text-align: justify;\">La escena llam\u00f3 la atenci\u00f3n de transe\u00fantes y conductores, muchos de los cuales se sumaron al reclamo con bocinazos.<\/p>\n<p style=\"text-align: justify;\">Entre las pancartas se le\u00edan frases como \u201cExigimos salarios ya\u201d y \u201cNo m\u00e1s chantaje pol\u00edtico con nuestro trabajo\u201d. Los trabajadores aseguran que el retraso en los pagos no responde a una falta de recursos, sino a una represalia pol\u00edtica.<\/p>\n<p style=\"text-align: justify;\">\u201cQueremos una respuesta oficial. No nos vamos sin saber cu\u00e1ndo nos van a pagar\u201d, dijeron, decididos a mantenerse firmes en su postura.<\/p>\n","protected":false},"excerpt":{"rendered":"<p>Con ollas, carteles y el sonido de bocinas, un grupo de trabajadores del Concejo Municipal protest\u00f3 frente al edificio principal de la alcald\u00eda de Santa Cruz para exigir el pago de salarios adeudos. Los empleados del \u00f3rgano legislativo denunciaron la falta de voluntad pol\u00edtica para resolver el tema salarial. \u201cNo somos el segundo patio. Nos [&hellip;]<\/p>\n","protected":false},"author":2,"featured_media":75847,"comment_status":"closed","ping_status":"open","sticky":false,"template":"","format":"standard","meta":{"footnotes":""},"categories":[49],"tags":[],"class_list":{"0":"post-75846","1":"post","2":"type-post","3":"status-publish","4":"format-standard","5":"has-post-thumbnail","7":"category-social"},"_links":{"self":[{"href":"https:\/\/jms.com.bo\/mediamonitor\/wp-json\/wp\/v2\/posts\/75846","targetHints":{"allow":["GET"]}}],"collection":[{"href":"https:\/\/jms.com.bo\/mediamonitor\/wp-json\/wp\/v2\/posts"}],"about":[{"href":"https:\/\/jms.com.bo\/mediamonitor\/wp-json\/wp\/v2\/types\/post"}],"author":[{"embeddable":true,"href":"https:\/\/jms.com.bo\/mediamonitor\/wp-json\/wp\/v2\/users\/2"}],"replies":[{"embeddable":true,"href":"https:\/\/jms.com.bo\/mediamonitor\/wp-json\/wp\/v2\/comments?post=75846"}],"version-history":[{"count":0,"href":"https:\/\/jms.com.bo\/mediamonitor\/wp-json\/wp\/v2\/posts\/75846\/revisions"}],"wp:featuredmedia":[{"embeddable":true,"href":"https:\/\/jms.com.bo\/mediamonitor\/wp-json\/wp\/v2\/media\/75847"}],"wp:attachment":[{"href":"https:\/\/jms.com.bo\/mediamonitor\/wp-json\/wp\/v2\/media?parent=75846"}],"wp:term":[{"taxonomy":"category","embeddable":true,"href":"https:\/\/jms.com.bo\/mediamonitor\/wp-json\/wp\/v2\/categories?post=75846"},{"taxonomy":"post_tag","embeddable":true,"href":"https:\/\/jms.com.bo\/mediamonitor\/wp-json\/wp\/v2\/tags?post=75846"}],"curies":[{"name":"wp","href":"https:\/\/api.w.org\/{rel}","templated":true}]}}