{"id":75848,"date":"2025-04-17T06:56:11","date_gmt":"2025-04-17T10:56:11","guid":{"rendered":"https:\/\/jms.com.bo\/mediamonitor\/2025\/04\/17\/comite-multisectorial-marchara-contra-el-hambre-y-la-pobreza-el-proximo-miercoles\/"},"modified":"2025-04-17T06:56:11","modified_gmt":"2025-04-17T10:56:11","slug":"comite-multisectorial-marchara-contra-el-hambre-y-la-pobreza-el-proximo-miercoles","status":"publish","type":"post","link":"https:\/\/jms.com.bo\/mediamonitor\/2025\/04\/17\/comite-multisectorial-marchara-contra-el-hambre-y-la-pobreza-el-proximo-miercoles\/","title":{"rendered":"Comit\u00e9 Multisectorial marchar\u00e1 contra \u2018el hambre y la pobreza\u2019 el pr\u00f3ximo mi\u00e9rcoles"},"content":{"rendered":"<p style=\"text-align: justify;\">El Comit\u00e9 Multisectorial, compuesto por gremiales, productores, transportistas y c\u00edvicos, anunci\u00f3 que el pr\u00f3ximo mi\u00e9rcoles realizar\u00e1 la denominada Marcha contra el Hambre y la Pobreza, en protesta por la situaci\u00f3n econ\u00f3mica que atraviesa el pa\u00eds.<\/p>\n<p style=\"text-align: justify;\">Los sectores se concentrar\u00e1n en la avenida 6 de Marzo, en la ciudad de El Alto, para bajar hasta La Paz y hacer conocer sus demandas a las autoridades.<\/p>\n<p style=\"text-align: justify;\">\u201cLa cadena productiva, transportistas, industria y comercio, estaremos el 23 de abril en El Alto para realizar la marcha a la cual hemos llamado Marcha Multisectorial contra el Hambre y la Pobreza. Hacemos llamado a todas las instituciones con las cuales hemos compartido escenario en estos nueve ampliados nacionales\u201d, dijo C\u00e9sar Gonz\u00e1les, representante de la Confederaci\u00f3n Nacional de Gremiales de Bolivia.<\/p>\n<p style=\"text-align: justify;\">Comit\u00e9<br \/>\nEl dirigente pidi\u00f3 a la Polic\u00eda Boliviana \u201ctrabajar por el pueblo y no por un partido pol\u00edtico\u201d, por lo que la exhort\u00f3 a no reprimir ni restringir el libre derecho a la protesta de los sectores y asegur\u00f3 que la marcha ser\u00e1 pac\u00edfica.<\/p>\n<p style=\"text-align: justify;\">\u201cVamos a llegar y vamos a marchar como bolivianos; no como cambas, no como collas, no como departamentales, sino por la rojo amarillo y verde\u201d, afirm\u00f3 Gonz\u00e1les.<\/p>\n<p style=\"text-align: justify;\">Klaus Frerking, presidente de la C\u00e1mara Agropecuaria del Oriente (CAO), indic\u00f3 que el pr\u00f3ximo mi\u00e9rcoles quedar\u00e1 claro el descontento que existe en la cadena productiva contra las decisiones que toma el Gobierno, a quien responsabilizan de la crisis econ\u00f3mica.<\/p>\n<p style=\"text-align: justify;\">En anteriores oportunidades, el Comit\u00e9 ya hab\u00eda advertido con marchar desde Patacamaya hacia La Paz. Semanas despu\u00e9s recularon y dijeron que la movilizaci\u00f3n iniciar\u00e1 en La Apacheta, aunque al final la misma no se concret\u00f3.<\/p>\n<p style=\"text-align: justify;\">Desde el Gobierno se acusa que el objetivo de los sectores es desestabilizar la gesti\u00f3n de Luis Arce, pues la principal demanda del Comit\u00e9, la derogaci\u00f3n de la disposici\u00f3n adicional s\u00e9ptima del Presupuesto General del Estado (PGE) 2025, ya fue atendida debido a que el Tribunal Constitucional Plurinacional (TCP) suspendi\u00f3 su aplicaci\u00f3n.<\/p>\n<p style=\"text-align: justify;\">La pol\u00e9mica norma autorizaba el decomiso y confiscaci\u00f3n de productos que se almacenen con el objetivo de venderse a precios m\u00e1s elevados m\u00e1s adelante.<\/p>\n<p style=\"text-align: justify;\">\n","protected":false},"excerpt":{"rendered":"<p>El Comit\u00e9 Multisectorial, compuesto por gremiales, productores, transportistas y c\u00edvicos, anunci\u00f3 que el pr\u00f3ximo mi\u00e9rcoles realizar\u00e1 la denominada Marcha contra el Hambre y la Pobreza, en protesta por la situaci\u00f3n econ\u00f3mica que atraviesa el pa\u00eds. Los sectores se concentrar\u00e1n en la avenida 6 de Marzo, en la ciudad de El Alto, para bajar hasta La [&hellip;]<\/p>\n","protected":false},"author":2,"featured_media":75849,"comment_status":"closed","ping_status":"open","sticky":false,"template":"","format":"standard","meta":{"footnotes":""},"categories":[49],"tags":[],"class_list":{"0":"post-75848","1":"post","2":"type-post","3":"status-publish","4":"format-standard","5":"has-post-thumbnail","7":"category-social"},"_links":{"self":[{"href":"https:\/\/jms.com.bo\/mediamonitor\/wp-json\/wp\/v2\/posts\/75848","targetHints":{"allow":["GET"]}}],"collection":[{"href":"https:\/\/jms.com.bo\/mediamonitor\/wp-json\/wp\/v2\/posts"}],"about":[{"href":"https:\/\/jms.com.bo\/mediamonitor\/wp-json\/wp\/v2\/types\/post"}],"author":[{"embeddable":true,"href":"https:\/\/jms.com.bo\/mediamonitor\/wp-json\/wp\/v2\/users\/2"}],"replies":[{"embeddable":true,"href":"https:\/\/jms.com.bo\/mediamonitor\/wp-json\/wp\/v2\/comments?post=75848"}],"version-history":[{"count":0,"href":"https:\/\/jms.com.bo\/mediamonitor\/wp-json\/wp\/v2\/posts\/75848\/revisions"}],"wp:featuredmedia":[{"embeddable":true,"href":"https:\/\/jms.com.bo\/mediamonitor\/wp-json\/wp\/v2\/media\/75849"}],"wp:attachment":[{"href":"https:\/\/jms.com.bo\/mediamonitor\/wp-json\/wp\/v2\/media?parent=75848"}],"wp:term":[{"taxonomy":"category","embeddable":true,"href":"https:\/\/jms.com.bo\/mediamonitor\/wp-json\/wp\/v2\/categories?post=75848"},{"taxonomy":"post_tag","embeddable":true,"href":"https:\/\/jms.com.bo\/mediamonitor\/wp-json\/wp\/v2\/tags?post=75848"}],"curies":[{"name":"wp","href":"https:\/\/api.w.org\/{rel}","templated":true}]}}