{"id":75850,"date":"2025-04-17T06:57:38","date_gmt":"2025-04-17T10:57:38","guid":{"rendered":"https:\/\/jms.com.bo\/mediamonitor\/2025\/04\/17\/piden-al-gobierno-asegurar-el-equipamiento-oncologico\/"},"modified":"2025-04-17T06:57:38","modified_gmt":"2025-04-17T10:57:38","slug":"piden-al-gobierno-asegurar-el-equipamiento-oncologico","status":"publish","type":"post","link":"https:\/\/jms.com.bo\/mediamonitor\/2025\/04\/17\/piden-al-gobierno-asegurar-el-equipamiento-oncologico\/","title":{"rendered":"Piden al Gobierno asegurar el equipamiento oncol\u00f3gico"},"content":{"rendered":"<p style=\"text-align: justify;\">El reciente anuncio del presidente Luis Arce sobre nuevos proyectos de infraestructura en Tarija, ha despertado la preocupaci\u00f3n de sectores sociales, porque consideran que el Hospital Oncol\u00f3gico que qued\u00f3 marginado, una obra en ejecuci\u00f3n desde hace m\u00e1s de diez a\u00f1os pero que a\u00fan no tiene asegurado su equipamiento.<\/p>\n<p style=\"text-align: justify;\">El representante del Comit\u00e9 Impulsor del Oncol\u00f3gico, Wilfredo Vidal, advirti\u00f3 que, si bien la infraestructura del Hospital est\u00e1 en etapa avanzada y su conclusi\u00f3n est\u00e1 prevista para diciembre de este a\u00f1o, hasta la fecha no existe ninguna gesti\u00f3n concreta para dotar los equipos m\u00e9dicos necesarios para su funcionamiento, especialmente del acelerador lineal, un equipo indispensable para los tratamientos de radioterapia en pacientes con c\u00e1ncer.<\/p>\n<p style=\"text-align: justify;\">\u00abSupuestamente la obra se tiene que acabar en diciembre. Tengo conocimiento absoluto de que no se han hecho las gestiones para la compra del acelerador lineal, que es el punto neur\u00e1lgico del equipamiento para esta importante obra\u00bb, declar\u00f3 Vidal.<\/p>\n<p style=\"text-align: justify;\">El dirigente reconoci\u00f3 la voluntad del Gobierno Nacional de impulsar nuevos proyectos en el departamento, como mercados y la Planta de Tratamiento de Aguas Residuales (PTAR), pero lament\u00f3 que el Oncol\u00f3gico no forme parte de esa agenda prioritaria, pese a que se trata de una necesidad urgente para la poblaci\u00f3n.<\/p>\n<p style=\"text-align: justify;\">Vidal se\u00f1al\u00f3 que actualmente, los pacientes con c\u00e1ncer en Tarija deben trasladarse a otros departamentos, principalmente a La Paz, Cochabamba o Santa Cruz, en busca de atenci\u00f3n especializada. Esto implica no solo el desarraigo familiar y emocional, sino tambi\u00e9n un gasto econ\u00f3mico para las familias.<\/p>\n<p style=\"text-align: justify;\">Ante esta situaci\u00f3n, muchos pacientes y sus allegados organizan actividades para recaudar fondos que les permitan costear tratamientos, medicamentos y estad\u00edas en otras ciudades.<\/p>\n","protected":false},"excerpt":{"rendered":"<p>El reciente anuncio del presidente Luis Arce sobre nuevos proyectos de infraestructura en Tarija, ha despertado la preocupaci\u00f3n de sectores sociales, porque consideran que el Hospital Oncol\u00f3gico que qued\u00f3 marginado, una obra en ejecuci\u00f3n desde hace m\u00e1s de diez a\u00f1os pero que a\u00fan no tiene asegurado su equipamiento. El representante del Comit\u00e9 Impulsor del Oncol\u00f3gico, [&hellip;]<\/p>\n","protected":false},"author":2,"featured_media":75851,"comment_status":"closed","ping_status":"open","sticky":false,"template":"","format":"standard","meta":{"footnotes":""},"categories":[20],"tags":[],"class_list":{"0":"post-75850","1":"post","2":"type-post","3":"status-publish","4":"format-standard","5":"has-post-thumbnail","7":"category-actualidad"},"_links":{"self":[{"href":"https:\/\/jms.com.bo\/mediamonitor\/wp-json\/wp\/v2\/posts\/75850","targetHints":{"allow":["GET"]}}],"collection":[{"href":"https:\/\/jms.com.bo\/mediamonitor\/wp-json\/wp\/v2\/posts"}],"about":[{"href":"https:\/\/jms.com.bo\/mediamonitor\/wp-json\/wp\/v2\/types\/post"}],"author":[{"embeddable":true,"href":"https:\/\/jms.com.bo\/mediamonitor\/wp-json\/wp\/v2\/users\/2"}],"replies":[{"embeddable":true,"href":"https:\/\/jms.com.bo\/mediamonitor\/wp-json\/wp\/v2\/comments?post=75850"}],"version-history":[{"count":0,"href":"https:\/\/jms.com.bo\/mediamonitor\/wp-json\/wp\/v2\/posts\/75850\/revisions"}],"wp:featuredmedia":[{"embeddable":true,"href":"https:\/\/jms.com.bo\/mediamonitor\/wp-json\/wp\/v2\/media\/75851"}],"wp:attachment":[{"href":"https:\/\/jms.com.bo\/mediamonitor\/wp-json\/wp\/v2\/media?parent=75850"}],"wp:term":[{"taxonomy":"category","embeddable":true,"href":"https:\/\/jms.com.bo\/mediamonitor\/wp-json\/wp\/v2\/categories?post=75850"},{"taxonomy":"post_tag","embeddable":true,"href":"https:\/\/jms.com.bo\/mediamonitor\/wp-json\/wp\/v2\/tags?post=75850"}],"curies":[{"name":"wp","href":"https:\/\/api.w.org\/{rel}","templated":true}]}}