{"id":75852,"date":"2025-04-17T07:01:01","date_gmt":"2025-04-17T11:01:01","guid":{"rendered":"https:\/\/jms.com.bo\/mediamonitor\/2025\/04\/17\/boa-iniciara-vuelos-a-chile-a-us-426-el-pasaje-30-menos-que-la-competencia\/"},"modified":"2025-04-17T07:01:01","modified_gmt":"2025-04-17T11:01:01","slug":"boa-iniciara-vuelos-a-chile-a-us-426-el-pasaje-30-menos-que-la-competencia","status":"publish","type":"post","link":"https:\/\/jms.com.bo\/mediamonitor\/2025\/04\/17\/boa-iniciara-vuelos-a-chile-a-us-426-el-pasaje-30-menos-que-la-competencia\/","title":{"rendered":"BoA iniciar\u00e1 vuelos a Chile a $us 426 el pasaje, 30% menos que la competencia"},"content":{"rendered":"<p style=\"text-align: justify;\">La aerol\u00ednea estatal Boliviana de Aviaci\u00f3n (BoA) realizar\u00e1 el 26 de abril el vuelo inaugural de su ruta a Santiago de Chile y desde mayo habr\u00e1 dos viajes por semana, anunci\u00f3 el gerente de la compa\u00f1\u00eda Mario Borda.<\/p>\n<p style=\"text-align: justify;\">Los viajes se efectuar\u00e1n los mi\u00e9rcoles y domingo con la ruta: Viru Viru \u2013 Santa Cruz- Iquique-Santiago-La Paz. Luego se habilitar\u00e1 la ruta La Paz \u2013 Arica.<\/p>\n<p style=\"text-align: justify;\">\u201cPensamos iniciar el 26 de este mes y las operaciones regulares los mi\u00e9rcoles y los domingos en mayo\u201d, precis\u00f3.<\/p>\n<p style=\"text-align: justify;\">En Chile residen aproximadamente 300 mil ciudadanos bolivianos, que se ver\u00e1n beneficiados con esta nueva ruta, pero, adem\u00e1s, los ciudadanos chilenos podr\u00e1n visitar Bolivia v\u00eda a\u00e9rea.<\/p>\n<p style=\"text-align: justify;\">Borda destac\u00f3 que el precio del pasaje ser\u00e1 de $us 426, por debajo de los poco m\u00e1s de $us 1.200 que ofrecen otras aerol\u00edneas.<\/p>\n<p style=\"text-align: justify;\">\u201cLos precios son aproximadamente 30% menos que la competencia y pensamos dar este sostenimiento, solidificar las rutas a nuestro pueblo. Generalmente los pasajes est\u00e1n alrededor de los 1.200 d\u00f3lares\u201d, apunt\u00f3.<\/p>\n<p style=\"text-align: justify;\">Los aviones que realizar\u00e1n los viajes cuentan con 130 asientos y si hay una mayor demanda se habilitar\u00e1n aviones de mayor capacidad.<\/p>\n<p style=\"text-align: justify;\">El c\u00f3nsul general de Chile en Bolivia, Fernando Velasco, expres\u00f3 su alegr\u00eda por la apertura de la ruta que beneficiar\u00e1 a los ciudadanos de ambas naciones.<\/p>\n<p style=\"text-align: justify;\">\u201cEsta es, a mi juicio, una se\u00f1al muy importante, que en el fondo nos permite acercarnos despu\u00e9s de tanto tiempo que hemos estado mir\u00e1ndonos de espaldas\u201d, reflexion\u00f3.<\/p>\n<p style=\"text-align: justify;\">Al igual que a Chile, BoA prev\u00e9 iniciar en junio vuelos a Barcelona, Espa\u00f1a, que se sumar\u00e1 a los viajes a Madrid. Operar\u00e1 cuatro veces a Madrid y dos veces a Barcelona.<\/p>\n","protected":false},"excerpt":{"rendered":"<p>La aerol\u00ednea estatal Boliviana de Aviaci\u00f3n (BoA) realizar\u00e1 el 26 de abril el vuelo inaugural de su ruta a Santiago de Chile y desde mayo habr\u00e1 dos viajes por semana, anunci\u00f3 el gerente de la compa\u00f1\u00eda Mario Borda. Los viajes se efectuar\u00e1n los mi\u00e9rcoles y domingo con la ruta: Viru Viru \u2013 Santa Cruz- Iquique-Santiago-La [&hellip;]<\/p>\n","protected":false},"author":2,"featured_media":75853,"comment_status":"closed","ping_status":"open","sticky":false,"template":"","format":"standard","meta":{"footnotes":""},"categories":[20],"tags":[],"class_list":{"0":"post-75852","1":"post","2":"type-post","3":"status-publish","4":"format-standard","5":"has-post-thumbnail","7":"category-actualidad"},"_links":{"self":[{"href":"https:\/\/jms.com.bo\/mediamonitor\/wp-json\/wp\/v2\/posts\/75852","targetHints":{"allow":["GET"]}}],"collection":[{"href":"https:\/\/jms.com.bo\/mediamonitor\/wp-json\/wp\/v2\/posts"}],"about":[{"href":"https:\/\/jms.com.bo\/mediamonitor\/wp-json\/wp\/v2\/types\/post"}],"author":[{"embeddable":true,"href":"https:\/\/jms.com.bo\/mediamonitor\/wp-json\/wp\/v2\/users\/2"}],"replies":[{"embeddable":true,"href":"https:\/\/jms.com.bo\/mediamonitor\/wp-json\/wp\/v2\/comments?post=75852"}],"version-history":[{"count":0,"href":"https:\/\/jms.com.bo\/mediamonitor\/wp-json\/wp\/v2\/posts\/75852\/revisions"}],"wp:featuredmedia":[{"embeddable":true,"href":"https:\/\/jms.com.bo\/mediamonitor\/wp-json\/wp\/v2\/media\/75853"}],"wp:attachment":[{"href":"https:\/\/jms.com.bo\/mediamonitor\/wp-json\/wp\/v2\/media?parent=75852"}],"wp:term":[{"taxonomy":"category","embeddable":true,"href":"https:\/\/jms.com.bo\/mediamonitor\/wp-json\/wp\/v2\/categories?post=75852"},{"taxonomy":"post_tag","embeddable":true,"href":"https:\/\/jms.com.bo\/mediamonitor\/wp-json\/wp\/v2\/tags?post=75852"}],"curies":[{"name":"wp","href":"https:\/\/api.w.org\/{rel}","templated":true}]}}