{"id":75854,"date":"2025-04-17T07:02:44","date_gmt":"2025-04-17T11:02:44","guid":{"rendered":"https:\/\/jms.com.bo\/mediamonitor\/2025\/04\/17\/en-bolivia-39-066-personas-padecen-el-mal-de-chagas\/"},"modified":"2025-04-17T07:02:44","modified_gmt":"2025-04-17T11:02:44","slug":"en-bolivia-39-066-personas-padecen-el-mal-de-chagas","status":"publish","type":"post","link":"https:\/\/jms.com.bo\/mediamonitor\/2025\/04\/17\/en-bolivia-39-066-personas-padecen-el-mal-de-chagas\/","title":{"rendered":"En Bolivia 39.066 personas padecen el mal de chagas"},"content":{"rendered":"<p style=\"text-align: justify;\">A trav\u00e9s del Sistema \u00danico de Salud (SUS), los pacientes que padecen mal de chagas acceden de forma gratuita e integral al diagn\u00f3stico, tratamiento y seguimiento m\u00e9dico. A la fecha, se tiene 39.066 personas infectadas con este mal en Bolivia.<\/p>\n<p style=\"text-align: justify;\">\u201cEl SUS es una medida que coadyuva y apoya, porque muchas personas que tienen patolog\u00edas cr\u00f3nicas, sobre todo cardiol\u00f3gicas, a veces no cuentan con los recursos necesarios para cubrir su tratamiento y fallecen. Entonces, el SUS viene a cubrir esa necesidad, y de esa manera disminuyen nuestros \u00edndices de transmisi\u00f3n, tanto en madre-ni\u00f1o como en personas con la enfermedad de chagas en fase cr\u00f3nica\u201d, explic\u00f3 la jefa de la Unidad de Control y Prevenci\u00f3n de Enfermedades, Roxana Salamanca.<\/p>\n<p style=\"text-align: justify;\">El chagas es causada por el par\u00e1sito Trypanosoma cruzi, que se transmite a los seres humanos mediante la picadura del insecto conocido como vinchuca.<\/p>\n<p style=\"text-align: justify;\">A la fecha, 209.270 personas fueron atendidas en las redes de salud por sospecha o control relacionado con la enfermedad de chagas en su fase cr\u00f3nica. Del total, se han identificado 39.066 personas infectadas, refiere un reporte de prensa del Ministerio de Salud.<\/p>\n<p style=\"text-align: justify;\">Asimismo, en 2024, se realiz\u00f3 el tamizaje a 143.549 mujeres embarazadas, de las que 10.368 resultaron positivas a chagas.<\/p>\n<p style=\"text-align: justify;\">Se atendi\u00f3 a 7.248 ni\u00f1os y ni\u00f1as nacidos de madres infectadas, identific\u00e1ndose 93 casos positivos por transmisi\u00f3n cong\u00e9nita. Se inici\u00f3 tratamiento en 58 de estos ni\u00f1os, lo que permiti\u00f3 reducir la tasa de transmisi\u00f3n madre-ni\u00f1o del 3,9 % al 1,3 % en 2024.<\/p>\n<p style=\"text-align: justify;\">Los casos de patolog\u00eda cr\u00f3nica, como la forma card\u00edaca o intestinal del chagas, requieren atenci\u00f3n especializada en hospitales de tercer nivel, a trav\u00e9s del SUS.<\/p>\n","protected":false},"excerpt":{"rendered":"<p>A trav\u00e9s del Sistema \u00danico de Salud (SUS), los pacientes que padecen mal de chagas acceden de forma gratuita e integral al diagn\u00f3stico, tratamiento y seguimiento m\u00e9dico. A la fecha, se tiene 39.066 personas infectadas con este mal en Bolivia. \u201cEl SUS es una medida que coadyuva y apoya, porque muchas personas que tienen patolog\u00edas [&hellip;]<\/p>\n","protected":false},"author":2,"featured_media":75855,"comment_status":"closed","ping_status":"open","sticky":false,"template":"","format":"standard","meta":{"footnotes":""},"categories":[20,47,48],"tags":[],"class_list":{"0":"post-75854","1":"post","2":"type-post","3":"status-publish","4":"format-standard","5":"has-post-thumbnail","7":"category-actualidad","8":"category-portada-actualidad","9":"category-portada-general-sitio"},"_links":{"self":[{"href":"https:\/\/jms.com.bo\/mediamonitor\/wp-json\/wp\/v2\/posts\/75854","targetHints":{"allow":["GET"]}}],"collection":[{"href":"https:\/\/jms.com.bo\/mediamonitor\/wp-json\/wp\/v2\/posts"}],"about":[{"href":"https:\/\/jms.com.bo\/mediamonitor\/wp-json\/wp\/v2\/types\/post"}],"author":[{"embeddable":true,"href":"https:\/\/jms.com.bo\/mediamonitor\/wp-json\/wp\/v2\/users\/2"}],"replies":[{"embeddable":true,"href":"https:\/\/jms.com.bo\/mediamonitor\/wp-json\/wp\/v2\/comments?post=75854"}],"version-history":[{"count":0,"href":"https:\/\/jms.com.bo\/mediamonitor\/wp-json\/wp\/v2\/posts\/75854\/revisions"}],"wp:featuredmedia":[{"embeddable":true,"href":"https:\/\/jms.com.bo\/mediamonitor\/wp-json\/wp\/v2\/media\/75855"}],"wp:attachment":[{"href":"https:\/\/jms.com.bo\/mediamonitor\/wp-json\/wp\/v2\/media?parent=75854"}],"wp:term":[{"taxonomy":"category","embeddable":true,"href":"https:\/\/jms.com.bo\/mediamonitor\/wp-json\/wp\/v2\/categories?post=75854"},{"taxonomy":"post_tag","embeddable":true,"href":"https:\/\/jms.com.bo\/mediamonitor\/wp-json\/wp\/v2\/tags?post=75854"}],"curies":[{"name":"wp","href":"https:\/\/api.w.org\/{rel}","templated":true}]}}