{"id":75856,"date":"2025-04-17T07:04:38","date_gmt":"2025-04-17T11:04:38","guid":{"rendered":"https:\/\/jms.com.bo\/mediamonitor\/2025\/04\/17\/pese-al-rechazo-del-credito-de-us-100-millones-el-gobierno-garantiza-elecciones\/"},"modified":"2025-04-17T07:04:38","modified_gmt":"2025-04-17T11:04:38","slug":"pese-al-rechazo-del-credito-de-us-100-millones-el-gobierno-garantiza-elecciones","status":"publish","type":"post","link":"https:\/\/jms.com.bo\/mediamonitor\/2025\/04\/17\/pese-al-rechazo-del-credito-de-us-100-millones-el-gobierno-garantiza-elecciones\/","title":{"rendered":"Pese al rechazo del cr\u00e9dito de $us 100 millones, el Gobierno garantiza elecciones"},"content":{"rendered":"<p style=\"text-align: justify;\">Luego de que la Asamblea Legislativa rechazara el proyecto de cr\u00e9dito de $us 100 millones, parte de cuyos fondos estaba destinado al voto en el exterior para las elecciones generales del 17 de agosto, el ministro de Medio Ambiente y Agua, \u00c1lvaro Ru\u00edz, asegur\u00f3 que el Gobierno cuenta con los recursos, en bolivianos, y garantiza el proceso electoral.<\/p>\n<p style=\"text-align: justify;\">La autoridad explic\u00f3 que en el Presupuesto General del Estado (PGE) se establece un monto de Bs 319 millones para las elecciones nacionales, por lo que afirm\u00f3 que est\u00e1n blindadas, pese al \u201cdoble discurso\u201d de los asamble\u00edstas.<\/p>\n<p style=\"text-align: justify;\">\u201cPese a que ellos no han aprobado (\u2026), en el PGE se establece los recursos para las elecciones. Lo que hemos manifestado es que tenemos una falta de d\u00f3lares; sin embargo, los recursos econ\u00f3micos en bolivianos los tenemos\u201d, afirm\u00f3 en conferencia de prensa.<\/p>\n<p style=\"text-align: justify;\">Cr\u00e9dito<br \/>\nMinutos antes, la Asamblea Legislativa rechaz\u00f3 la reconsideraci\u00f3n del cr\u00e9dito de $us 100 millones, financiado por la Agencia de Cooperaci\u00f3n Internacional de Jap\u00f3n (JICA), el cual ya hab\u00eda sido rechazado hace dos semanas.<\/p>\n<p style=\"text-align: justify;\">El Gobierno indic\u00f3 que el 10% de ese monto se destinar\u00eda al voto en el exterior en los pr\u00f3ximos comicios, debido a que no se cuentan con los d\u00f3lares suficientes para garantizar ese proceso, que demanda, seg\u00fan el Tribunal Supremo Electoral (TSE), aproximadamente $us 9 millones.<\/p>\n<p style=\"text-align: justify;\">La viceministra de Comunicaci\u00f3n, Gabriela Alc\u00f3n, lament\u00f3 que no se hayan respetado los acuerdos del denominado Tercer Encuentro Multipartidario por la Democracia, donde se defini\u00f3 la aprobaci\u00f3n de ese cr\u00e9dito para garantizar recursos.<\/p>\n<p style=\"text-align: justify;\">En su criterio, los legisladores le dieron la espalda a la poblaci\u00f3n, debido a que el 90% del cr\u00e9dito ten\u00eda el fin de destinarse a la atenci\u00f3n a los municipios y familias afectadas por la \u00e9poca de lluvias.<\/p>\n<p style=\"text-align: justify;\">\u201cLo que nos corresponde por Constituci\u00f3n lo estamos cumpliendo, lo que le corresponde al Ejecutivo es garantizar el presupuesto para las elecciones y eso es lo que se est\u00e1 llevando adelante\u201d, afirm\u00f3 Alc\u00f3n.<\/p>\n<p style=\"text-align: justify;\">En ese sentido, la viceministra pidi\u00f3 la calma a la poblaci\u00f3n y asegur\u00f3 que los comicios de agosto se desarrollar\u00e1n con normalidad.<\/p>\n","protected":false},"excerpt":{"rendered":"<p>Luego de que la Asamblea Legislativa rechazara el proyecto de cr\u00e9dito de $us 100 millones, parte de cuyos fondos estaba destinado al voto en el exterior para las elecciones generales del 17 de agosto, el ministro de Medio Ambiente y Agua, \u00c1lvaro Ru\u00edz, asegur\u00f3 que el Gobierno cuenta con los recursos, en bolivianos, y garantiza [&hellip;]<\/p>\n","protected":false},"author":2,"featured_media":75857,"comment_status":"closed","ping_status":"open","sticky":false,"template":"","format":"standard","meta":{"footnotes":""},"categories":[18],"tags":[],"class_list":{"0":"post-75856","1":"post","2":"type-post","3":"status-publish","4":"format-standard","5":"has-post-thumbnail","7":"category-politica"},"_links":{"self":[{"href":"https:\/\/jms.com.bo\/mediamonitor\/wp-json\/wp\/v2\/posts\/75856","targetHints":{"allow":["GET"]}}],"collection":[{"href":"https:\/\/jms.com.bo\/mediamonitor\/wp-json\/wp\/v2\/posts"}],"about":[{"href":"https:\/\/jms.com.bo\/mediamonitor\/wp-json\/wp\/v2\/types\/post"}],"author":[{"embeddable":true,"href":"https:\/\/jms.com.bo\/mediamonitor\/wp-json\/wp\/v2\/users\/2"}],"replies":[{"embeddable":true,"href":"https:\/\/jms.com.bo\/mediamonitor\/wp-json\/wp\/v2\/comments?post=75856"}],"version-history":[{"count":0,"href":"https:\/\/jms.com.bo\/mediamonitor\/wp-json\/wp\/v2\/posts\/75856\/revisions"}],"wp:featuredmedia":[{"embeddable":true,"href":"https:\/\/jms.com.bo\/mediamonitor\/wp-json\/wp\/v2\/media\/75857"}],"wp:attachment":[{"href":"https:\/\/jms.com.bo\/mediamonitor\/wp-json\/wp\/v2\/media?parent=75856"}],"wp:term":[{"taxonomy":"category","embeddable":true,"href":"https:\/\/jms.com.bo\/mediamonitor\/wp-json\/wp\/v2\/categories?post=75856"},{"taxonomy":"post_tag","embeddable":true,"href":"https:\/\/jms.com.bo\/mediamonitor\/wp-json\/wp\/v2\/tags?post=75856"}],"curies":[{"name":"wp","href":"https:\/\/api.w.org\/{rel}","templated":true}]}}