{"id":75858,"date":"2025-04-17T07:06:14","date_gmt":"2025-04-17T11:06:14","guid":{"rendered":"https:\/\/jms.com.bo\/mediamonitor\/2025\/04\/17\/a-dos-dias-del-plazo-tuto-quiroga-inscribe-su-alianza-libre-en-el-tse\/"},"modified":"2025-04-17T07:06:14","modified_gmt":"2025-04-17T11:06:14","slug":"a-dos-dias-del-plazo-tuto-quiroga-inscribe-su-alianza-libre-en-el-tse","status":"publish","type":"post","link":"https:\/\/jms.com.bo\/mediamonitor\/2025\/04\/17\/a-dos-dias-del-plazo-tuto-quiroga-inscribe-su-alianza-libre-en-el-tse\/","title":{"rendered":"A dos d\u00edas del plazo, Tuto Quiroga inscribe su alianza Libre en el TSE"},"content":{"rendered":"<p style=\"text-align: justify;\">Este mi\u00e9rcoles, el precandidato Jorge Tuto Quiroga, inscribi\u00f3 oficialmente en el Tribunal Supremo Electoral (TSE) su alianza Libre, rumbo a las elecciones presidenciales del 17 de agosto. Esta es la primera inscripci\u00f3n a dos d\u00edas del vencimiento del plazo.<\/p>\n<p style=\"text-align: justify;\">\u00abHoy estamos con la alianza jur\u00eddica de dos partidos nacionales: FRI y Dem\u00f3cratas. Despu\u00e9s habr\u00e1 otro documento con una quincena de agrupaciones que se van a sumar. Estamos forjando la verdadera unidad para salvar Bolivia y darle al pa\u00eds estabilidad\u00bb, se\u00f1al\u00f3 Quiroga a los medios de prensa.<\/p>\n<p style=\"text-align: justify;\">El precandidato fue a la inscripci\u00f3n acompa\u00f1ado de Branko Marinkovic y representantes del Frente Revolucionario de Izquierda (FRI), adem\u00e1s de otras figuras pol\u00edticas. Sin embargo, no se evidenci\u00f3 a ning\u00fan representante del Movimiento Dem\u00f3crata Social (Dem\u00f3cratas), pero la alianza contin\u00faa.<\/p>\n<p style=\"text-align: justify;\">Asimismo, Quiroga cuestion\u00f3 el papel de Luis Arce en el intento de la toma militar del pasado 26 de junio de 2024, tras las declaraciones del excomandante del Ej\u00e9rcito, Juan jos\u00e9 Zu\u00f1iga, que, en esta jornada, revel\u00f3 que fue ordenado para realizar el movimiento y ganar popularidad para el Gobierno.<\/p>\n<p style=\"text-align: justify;\">\u00abResulta que Zu\u00f1iga ahora declara que le instruyeron hacer un fujimorazo y que los tanques fueron para cerrar el Congreso (&#8230;) el se\u00f1or Arce debe explicar si quiso o no hacer un fujimorazo\u00bb, cuestion\u00f3 Quiroga.<\/p>\n<p style=\"text-align: justify;\">Seg\u00fan el cronograma del TSE, el plazo para inscribir las alianzas vence este viernes, 18 de abril, feriado por Viernes Santo.<\/p>\n<p style=\"text-align: justify;\">\n","protected":false},"excerpt":{"rendered":"<p>Este mi\u00e9rcoles, el precandidato Jorge Tuto Quiroga, inscribi\u00f3 oficialmente en el Tribunal Supremo Electoral (TSE) su alianza Libre, rumbo a las elecciones presidenciales del 17 de agosto. Esta es la primera inscripci\u00f3n a dos d\u00edas del vencimiento del plazo. \u00abHoy estamos con la alianza jur\u00eddica de dos partidos nacionales: FRI y Dem\u00f3cratas. Despu\u00e9s habr\u00e1 otro [&hellip;]<\/p>\n","protected":false},"author":2,"featured_media":3550,"comment_status":"closed","ping_status":"open","sticky":false,"template":"","format":"standard","meta":{"footnotes":""},"categories":[18],"tags":[],"class_list":{"0":"post-75858","1":"post","2":"type-post","3":"status-publish","4":"format-standard","5":"has-post-thumbnail","7":"category-politica"},"_links":{"self":[{"href":"https:\/\/jms.com.bo\/mediamonitor\/wp-json\/wp\/v2\/posts\/75858","targetHints":{"allow":["GET"]}}],"collection":[{"href":"https:\/\/jms.com.bo\/mediamonitor\/wp-json\/wp\/v2\/posts"}],"about":[{"href":"https:\/\/jms.com.bo\/mediamonitor\/wp-json\/wp\/v2\/types\/post"}],"author":[{"embeddable":true,"href":"https:\/\/jms.com.bo\/mediamonitor\/wp-json\/wp\/v2\/users\/2"}],"replies":[{"embeddable":true,"href":"https:\/\/jms.com.bo\/mediamonitor\/wp-json\/wp\/v2\/comments?post=75858"}],"version-history":[{"count":0,"href":"https:\/\/jms.com.bo\/mediamonitor\/wp-json\/wp\/v2\/posts\/75858\/revisions"}],"wp:featuredmedia":[{"embeddable":true,"href":"https:\/\/jms.com.bo\/mediamonitor\/wp-json\/wp\/v2\/media\/3550"}],"wp:attachment":[{"href":"https:\/\/jms.com.bo\/mediamonitor\/wp-json\/wp\/v2\/media?parent=75858"}],"wp:term":[{"taxonomy":"category","embeddable":true,"href":"https:\/\/jms.com.bo\/mediamonitor\/wp-json\/wp\/v2\/categories?post=75858"},{"taxonomy":"post_tag","embeddable":true,"href":"https:\/\/jms.com.bo\/mediamonitor\/wp-json\/wp\/v2\/tags?post=75858"}],"curies":[{"name":"wp","href":"https:\/\/api.w.org\/{rel}","templated":true}]}}