{"id":75859,"date":"2025-04-17T07:08:03","date_gmt":"2025-04-17T11:08:03","guid":{"rendered":"https:\/\/jms.com.bo\/mediamonitor\/2025\/04\/17\/elecciones-en-riesgo-oposicion-y-evismo-denuncian-un-plan-para-postergar-la-votacion\/"},"modified":"2025-04-17T07:08:03","modified_gmt":"2025-04-17T11:08:03","slug":"elecciones-en-riesgo-oposicion-y-evismo-denuncian-un-plan-para-postergar-la-votacion","status":"publish","type":"post","link":"https:\/\/jms.com.bo\/mediamonitor\/2025\/04\/17\/elecciones-en-riesgo-oposicion-y-evismo-denuncian-un-plan-para-postergar-la-votacion\/","title":{"rendered":"\u00bfElecciones en riesgo? Oposici\u00f3n y \u201cevismo\u201d denuncian un plan para postergar la votaci\u00f3n"},"content":{"rendered":"<p style=\"text-align: justify;\">Asamble\u00edstas de la oposici\u00f3n y el \u201cevismo\u201d denunciaron una presunta intenci\u00f3n del Gobierno de prorrogarse en su mandato, mediante una Acci\u00f3n de Inconstitucionalidad planteada por el diputado \u201carcista\u201d Israel Huaytari en el marco del proceso electoral.<\/p>\n<p style=\"text-align: justify;\">Huaytari present\u00f3 la Acci\u00f3n ante el Tribunal Constitucional para solicitar que se incorpore en la convocatoria a elecciones el requisito de binomio paritario.<\/p>\n<p style=\"text-align: justify;\">El diputado de Creemos, Walthy Eg\u00fcez, consider\u00f3 que con este recurso se revela una intenci\u00f3n de tumbar la convocatoria a elecciones, por lo cual puso en alerta a la poblaci\u00f3n de una posible pr\u00f3rroga del Gobierno a trav\u00e9s de alguna decisi\u00f3n del Tribunal Constitucional.<\/p>\n<p style=\"text-align: justify;\">\u201cDebemos prepararnos para defender la democracia, cueste lo que nos cueste. Luis Arce Catacora no se puede quedar un d\u00eda m\u00e1s de su per\u00edodo constitucional. El 1% de apoyo no le da ni la legalidad ni la legitimidad para tratar de imponerse por la fuerza\u201d, advirti\u00f3.<\/p>\n<p style=\"text-align: justify;\">El senador \u201cevista\u201d Leonardo Loza alert\u00f3 a la poblaci\u00f3n y la comunidad internacional que se generar\u00eda un \u201cgenocidio democr\u00e1tico el intentar suspender o postergar\u201d las elecciones.<\/p>\n<p style=\"text-align: justify;\">Asegur\u00f3 que la poblaci\u00f3n no caer\u00e1 en chantajes del Gobierno y no permitir\u00e1 que se pongan en riesgo las elecciones.<\/p>\n<p style=\"text-align: justify;\">El tambi\u00e9n \u201cevista\u201d H\u00e9ctor Arce enfatiz\u00f3 que Huaytari estar\u00eda siendo un \u201ctonto \u00fatil\u201d del Gobierno, con la intenci\u00f3n de hacer fracasar las elecciones.<\/p>\n<p style=\"text-align: justify;\">Dijo que \u201cLucho Arce est\u00e1 jugando con fuego\u201d, pero asegur\u00f3 que el pueblo boliviano no permitir\u00e1 que el Gobierno se prorrogue.<\/p>\n<p style=\"text-align: justify;\">El presidente del Comit\u00e9 pro Santa Cruz, Stello Cochamanidis, tambi\u00e9n denunci\u00f3 una intenci\u00f3n del Gobierno de pretender prorrogarse en el poder, pero asegur\u00f3 que no lo permitir\u00e1 \u201cning\u00fan ciudadano de bien en el pa\u00eds\u201d.<\/p>\n<p style=\"text-align: justify;\">Cochamanidis demand\u00f3 que las elecciones se realicen el 17 de agosto, como estaba previsto.<\/p>\n<p style=\"text-align: justify;\">De parte del \u201carcismo\u201d, el dirigente Vidal G\u00f3mez tambi\u00e9n rechaz\u00f3 la posibilidad de postergar las elecciones mediante el Tribunal Constitucional y exigi\u00f3 que los comicios se lleven adelante.<\/p>\n<p style=\"text-align: justify;\">G\u00f3mez aclar\u00f3 que no se opone a implementar el binomio paritario, pero eso deber\u00eda ser a trav\u00e9s de una ley y no as\u00ed mediante el Tribunal Constitucional.<\/p>\n","protected":false},"excerpt":{"rendered":"<p>Asamble\u00edstas de la oposici\u00f3n y el \u201cevismo\u201d denunciaron una presunta intenci\u00f3n del Gobierno de prorrogarse en su mandato, mediante una Acci\u00f3n de Inconstitucionalidad planteada por el diputado \u201carcista\u201d Israel Huaytari en el marco del proceso electoral. Huaytari present\u00f3 la Acci\u00f3n ante el Tribunal Constitucional para solicitar que se incorpore en la convocatoria a elecciones el [&hellip;]<\/p>\n","protected":false},"author":2,"featured_media":75860,"comment_status":"closed","ping_status":"open","sticky":false,"template":"","format":"standard","meta":{"footnotes":""},"categories":[18,48,46],"tags":[],"class_list":{"0":"post-75859","1":"post","2":"type-post","3":"status-publish","4":"format-standard","5":"has-post-thumbnail","7":"category-politica","8":"category-portada-general-sitio","9":"category-portada-politica"},"_links":{"self":[{"href":"https:\/\/jms.com.bo\/mediamonitor\/wp-json\/wp\/v2\/posts\/75859","targetHints":{"allow":["GET"]}}],"collection":[{"href":"https:\/\/jms.com.bo\/mediamonitor\/wp-json\/wp\/v2\/posts"}],"about":[{"href":"https:\/\/jms.com.bo\/mediamonitor\/wp-json\/wp\/v2\/types\/post"}],"author":[{"embeddable":true,"href":"https:\/\/jms.com.bo\/mediamonitor\/wp-json\/wp\/v2\/users\/2"}],"replies":[{"embeddable":true,"href":"https:\/\/jms.com.bo\/mediamonitor\/wp-json\/wp\/v2\/comments?post=75859"}],"version-history":[{"count":0,"href":"https:\/\/jms.com.bo\/mediamonitor\/wp-json\/wp\/v2\/posts\/75859\/revisions"}],"wp:featuredmedia":[{"embeddable":true,"href":"https:\/\/jms.com.bo\/mediamonitor\/wp-json\/wp\/v2\/media\/75860"}],"wp:attachment":[{"href":"https:\/\/jms.com.bo\/mediamonitor\/wp-json\/wp\/v2\/media?parent=75859"}],"wp:term":[{"taxonomy":"category","embeddable":true,"href":"https:\/\/jms.com.bo\/mediamonitor\/wp-json\/wp\/v2\/categories?post=75859"},{"taxonomy":"post_tag","embeddable":true,"href":"https:\/\/jms.com.bo\/mediamonitor\/wp-json\/wp\/v2\/tags?post=75859"}],"curies":[{"name":"wp","href":"https:\/\/api.w.org\/{rel}","templated":true}]}}