{"id":75863,"date":"2025-04-17T07:11:14","date_gmt":"2025-04-17T11:11:14","guid":{"rendered":"https:\/\/jms.com.bo\/mediamonitor\/2025\/04\/17\/montano-posesiona-a-cristian-mamani-como-director-de-la-att\/"},"modified":"2025-04-17T07:11:14","modified_gmt":"2025-04-17T11:11:14","slug":"montano-posesiona-a-cristian-mamani-como-director-de-la-att","status":"publish","type":"post","link":"https:\/\/jms.com.bo\/mediamonitor\/2025\/04\/17\/montano-posesiona-a-cristian-mamani-como-director-de-la-att\/","title":{"rendered":"Monta\u00f1o posesiona a Cristian Mamani como Director de la ATT"},"content":{"rendered":"<p style=\"text-align: justify;\">El ministro de Obras P\u00fablicas, \u00c9dgar Monta\u00f1o, posesion\u00f3 la noche de este mi\u00e9rcoles a Cristian Marcelo Mamani como nuevo director de la Autoridad de Regulaci\u00f3n y Fiscalizaci\u00f3n de Telecomunicaciones y Transportes (ATT), en reemplazo de N\u00e9stor R\u00edos.<\/p>\n<p style=\"text-align: justify;\">Monta\u00f1o pidi\u00f3 a Mamani, por instrucci\u00f3n del presidente Luis Arce, \u201ccero tolerancia a la corrupci\u00f3n\u201d en su trabajo al mando de la ATT.<\/p>\n<p style=\"text-align: justify;\">Tambi\u00e9n le instruy\u00f3 que trabaje siempre en el marco de una relaci\u00f3n \u201csaludable y de respeto\u201d con usuarios y los operadores que brindan servicios a la poblaci\u00f3n<\/p>\n<p style=\"text-align: justify;\">Le encomend\u00f3 continuar con los proyectos que est\u00e1n en curso en el pa\u00eds, referidos al espectro radioel\u00e9ctrico con el servicio 5G, la otorgaci\u00f3n de licencias de frecuencias, certificaciones y regulaci\u00f3n de est\u00e1ndares de seguridad y de tarifas.<\/p>\n<p style=\"text-align: justify;\">Por su lado, Mamani se comprometi\u00f3 a en emplear toda su capacidad y experiencia en el cargo que desempe\u00f1ar\u00e1 desde ahora.<\/p>\n<p style=\"text-align: justify;\">Adelant\u00f3 que trabajar\u00e1 para llegar con todos los servicios al pa\u00eds, en telecomunicaciones y transporte, de forma equitativa y con calidad.<\/p>\n","protected":false},"excerpt":{"rendered":"<p>El ministro de Obras P\u00fablicas, \u00c9dgar Monta\u00f1o, posesion\u00f3 la noche de este mi\u00e9rcoles a Cristian Marcelo Mamani como nuevo director de la Autoridad de Regulaci\u00f3n y Fiscalizaci\u00f3n de Telecomunicaciones y Transportes (ATT), en reemplazo de N\u00e9stor R\u00edos. Monta\u00f1o pidi\u00f3 a Mamani, por instrucci\u00f3n del presidente Luis Arce, \u201ccero tolerancia a la corrupci\u00f3n\u201d en su trabajo [&hellip;]<\/p>\n","protected":false},"author":2,"featured_media":75864,"comment_status":"closed","ping_status":"open","sticky":false,"template":"","format":"standard","meta":{"footnotes":""},"categories":[25],"tags":[],"class_list":{"0":"post-75863","1":"post","2":"type-post","3":"status-publish","4":"format-standard","5":"has-post-thumbnail","7":"category-economia"},"_links":{"self":[{"href":"https:\/\/jms.com.bo\/mediamonitor\/wp-json\/wp\/v2\/posts\/75863","targetHints":{"allow":["GET"]}}],"collection":[{"href":"https:\/\/jms.com.bo\/mediamonitor\/wp-json\/wp\/v2\/posts"}],"about":[{"href":"https:\/\/jms.com.bo\/mediamonitor\/wp-json\/wp\/v2\/types\/post"}],"author":[{"embeddable":true,"href":"https:\/\/jms.com.bo\/mediamonitor\/wp-json\/wp\/v2\/users\/2"}],"replies":[{"embeddable":true,"href":"https:\/\/jms.com.bo\/mediamonitor\/wp-json\/wp\/v2\/comments?post=75863"}],"version-history":[{"count":0,"href":"https:\/\/jms.com.bo\/mediamonitor\/wp-json\/wp\/v2\/posts\/75863\/revisions"}],"wp:featuredmedia":[{"embeddable":true,"href":"https:\/\/jms.com.bo\/mediamonitor\/wp-json\/wp\/v2\/media\/75864"}],"wp:attachment":[{"href":"https:\/\/jms.com.bo\/mediamonitor\/wp-json\/wp\/v2\/media?parent=75863"}],"wp:term":[{"taxonomy":"category","embeddable":true,"href":"https:\/\/jms.com.bo\/mediamonitor\/wp-json\/wp\/v2\/categories?post=75863"},{"taxonomy":"post_tag","embeddable":true,"href":"https:\/\/jms.com.bo\/mediamonitor\/wp-json\/wp\/v2\/tags?post=75863"}],"curies":[{"name":"wp","href":"https:\/\/api.w.org\/{rel}","templated":true}]}}