{"id":75865,"date":"2025-04-17T07:12:43","date_gmt":"2025-04-17T11:12:43","guid":{"rendered":"https:\/\/jms.com.bo\/mediamonitor\/2025\/04\/17\/cedla-afirma-que-el-modelo-rentista-solo-beneficia-a-elites-economicas-y-grupos-sindicales-corporativos\/"},"modified":"2025-04-17T07:12:43","modified_gmt":"2025-04-17T11:12:43","slug":"cedla-afirma-que-el-modelo-rentista-solo-beneficia-a-elites-economicas-y-grupos-sindicales-corporativos","status":"publish","type":"post","link":"https:\/\/jms.com.bo\/mediamonitor\/2025\/04\/17\/cedla-afirma-que-el-modelo-rentista-solo-beneficia-a-elites-economicas-y-grupos-sindicales-corporativos\/","title":{"rendered":"Cedla afirma que el modelo rentista solo beneficia a \u00e9lites econ\u00f3micas y grupos sindicales corporativos"},"content":{"rendered":"<p style=\"text-align: justify;\">El Centro de Estudios para el Desarrollo Laboral y Agrario (Cedla), en su reciente informe de pol\u00edticas p\u00fablicas titulado \u2018Modelo rentista, crisis y pobreza multidimensional urbana en Bolivia\u2019 afirma que la crisis econ\u00f3mica y social que vive el pa\u00eds no es coyuntural ni exclusivamente fiscal, sino el resultado de una prolongada dependencia de un modelo basado en la explotaci\u00f3n de recursos naturales, espec\u00edficamente del gas.<\/p>\n<p style=\"text-align: justify;\">\u201c\u00bfA qui\u00e9n ha beneficiado este modelo?\u201d, cuestion\u00f3 la entidad, a la vez que argument\u00f3 que \u201cel rentismo ha perpetuado desigualdades estructurales y debilitado el aparato productivo nacional, beneficiando principalmente a sectores con acceso privilegiado a los recursos del Estado, entre ellos \u00e9lites econ\u00f3micas, grupos sindicales corporativos y redes informales de poder\u201d.<\/p>\n<p style=\"text-align: justify;\">De acuerdo con el informe, Bolivia ha vivido los \u00faltimos 20 a\u00f1os bajo un esquema econ\u00f3mico centrado en la apropiaci\u00f3n estatal de excedentes derivados del gas natural, sin traducirlos en un proceso sostenible de industrializaci\u00f3n o diversificaci\u00f3n productiva. Asimismo, se\u00f1ala que la llamada \u201cnacionalizaci\u00f3n\u201d de los hidrocarburos no rompi\u00f3 con la l\u00f3gica extractiva, sino que la profundiz\u00f3, consolidando un r\u00e9gimen de acumulaci\u00f3n primario-exportador.<\/p>\n<p style=\"text-align: justify;\">\u201cLa debacle fiscal, el endeudamiento creciente y la ca\u00edda de las reservas internacionales no son accidentes, sino s\u00edntomas del agotamiento del ciclo rentista del gas, cuya renta se utiliz\u00f3 m\u00e1s para sostener el consumo y la clientela pol\u00edtica, que para transformar la econom\u00eda\u201d, afirm\u00f3 el centro de estudios.<\/p>\n<p style=\"text-align: justify;\">En cuanto a lo laboral, se\u00f1al\u00f3 que \u201cel empleo generado por el rentismo fue mayoritariamente precario, informal o basado en subsidios, sin impactos sostenibles en la reducci\u00f3n de la pobreza estructural\u201d.<\/p>\n<p style=\"text-align: justify;\">Asimismo, alert\u00f3 que el pa\u00eds se encuentra ante el fin del ciclo del gas: con reservas hidrocarbur\u00edferas en declive, contratos de exportaci\u00f3n en retirada y una econom\u00eda interna cada vez m\u00e1s expuesta al d\u00e9ficit energ\u00e9tico y fiscal. \u201cFrente a este escenario, (se) plantea la necesidad de abrir un debate serio y profundo sobre la superaci\u00f3n del rentismo y la construcci\u00f3n de un modelo econ\u00f3mico basado en producci\u00f3n, empleo digno y sostenibilidad social y ambiental.<\/p>\n","protected":false},"excerpt":{"rendered":"<p>El Centro de Estudios para el Desarrollo Laboral y Agrario (Cedla), en su reciente informe de pol\u00edticas p\u00fablicas titulado \u2018Modelo rentista, crisis y pobreza multidimensional urbana en Bolivia\u2019 afirma que la crisis econ\u00f3mica y social que vive el pa\u00eds no es coyuntural ni exclusivamente fiscal, sino el resultado de una prolongada dependencia de un modelo [&hellip;]<\/p>\n","protected":false},"author":2,"featured_media":75866,"comment_status":"closed","ping_status":"open","sticky":false,"template":"","format":"standard","meta":{"footnotes":""},"categories":[25],"tags":[],"class_list":{"0":"post-75865","1":"post","2":"type-post","3":"status-publish","4":"format-standard","5":"has-post-thumbnail","7":"category-economia"},"_links":{"self":[{"href":"https:\/\/jms.com.bo\/mediamonitor\/wp-json\/wp\/v2\/posts\/75865","targetHints":{"allow":["GET"]}}],"collection":[{"href":"https:\/\/jms.com.bo\/mediamonitor\/wp-json\/wp\/v2\/posts"}],"about":[{"href":"https:\/\/jms.com.bo\/mediamonitor\/wp-json\/wp\/v2\/types\/post"}],"author":[{"embeddable":true,"href":"https:\/\/jms.com.bo\/mediamonitor\/wp-json\/wp\/v2\/users\/2"}],"replies":[{"embeddable":true,"href":"https:\/\/jms.com.bo\/mediamonitor\/wp-json\/wp\/v2\/comments?post=75865"}],"version-history":[{"count":0,"href":"https:\/\/jms.com.bo\/mediamonitor\/wp-json\/wp\/v2\/posts\/75865\/revisions"}],"wp:featuredmedia":[{"embeddable":true,"href":"https:\/\/jms.com.bo\/mediamonitor\/wp-json\/wp\/v2\/media\/75866"}],"wp:attachment":[{"href":"https:\/\/jms.com.bo\/mediamonitor\/wp-json\/wp\/v2\/media?parent=75865"}],"wp:term":[{"taxonomy":"category","embeddable":true,"href":"https:\/\/jms.com.bo\/mediamonitor\/wp-json\/wp\/v2\/categories?post=75865"},{"taxonomy":"post_tag","embeddable":true,"href":"https:\/\/jms.com.bo\/mediamonitor\/wp-json\/wp\/v2\/tags?post=75865"}],"curies":[{"name":"wp","href":"https:\/\/api.w.org\/{rel}","templated":true}]}}