{"id":75870,"date":"2025-04-17T07:25:49","date_gmt":"2025-04-17T11:25:49","guid":{"rendered":"https:\/\/jms.com.bo\/mediamonitor\/2025\/04\/17\/argentina-fija-cupo-y-arancel-cero-para-importar-vehiculos-electricos-e-hibridos\/"},"modified":"2025-04-17T07:25:49","modified_gmt":"2025-04-17T11:25:49","slug":"argentina-fija-cupo-y-arancel-cero-para-importar-vehiculos-electricos-e-hibridos","status":"publish","type":"post","link":"https:\/\/jms.com.bo\/mediamonitor\/2025\/04\/17\/argentina-fija-cupo-y-arancel-cero-para-importar-vehiculos-electricos-e-hibridos\/","title":{"rendered":"Argentina fija cupo y arancel cero para importar veh\u00edculos el\u00e9ctricos e h\u00edbridos"},"content":{"rendered":"<p style=\"text-align: justify;\">Como impulso a la electromovilidad mediante incentivos fiscales y una fuerte desregulaci\u00f3n del mercado automotor, este mi\u00e9rcoles 16 de abril el Gobierno argentino oficializ\u00f3 la creaci\u00f3n de un nuevo r\u00e9gimen para la importaci\u00f3n de veh\u00edculos el\u00e9ctricos e h\u00edbridos.<\/p>\n<p style=\"text-align: justify;\">En el Bolet\u00edn Oficial se establece un cupo total de 50.000 unidades con arancel de importaci\u00f3n del 0% para modelos con un valor FOB inferior a USD 16.000.<\/p>\n<p style=\"text-align: justify;\">La medida forma parte de la pol\u00edtica de desregulaci\u00f3n iniciada meses atr\u00e1s y apunta a mejorar la competitividad del sector automotor local, adem\u00e1s de facilitar el acceso de los consumidores a tecnolog\u00edas m\u00e1s limpias.<\/p>\n<p style=\"text-align: justify;\">El sistema qued\u00f3 reglamentado mediante la Disposici\u00f3n N\u00b0 32\/2025 del Ministerio de Econom\u00eda y la Resoluci\u00f3n N\u00b0 29\/2025, que determinan los requisitos para la asignaci\u00f3n de los permisos de importaci\u00f3n y establecen un procedimiento t\u00e9cnico orientado a acelerar los procesos administrativos y reducir los costos fiscales para las empresas.<\/p>\n<p style=\"text-align: justify;\">Cupos de importaci\u00f3n que afectan a veh\u00edculos el\u00e9ctricos e h\u00edbridos<br \/>\nSeg\u00fan detalla la resoluci\u00f3n, el cupo anual se divide en dos segmentos claramente diferenciados:<\/p>\n<p style=\"text-align: justify;\">Esta estrategia busca equilibrar el ingreso de veh\u00edculos del exterior con el est\u00edmulo a la industria nacional, manteniendo un esquema de incentivos orientado a facilitar la modernizaci\u00f3n del parque automotor argentino.<\/p>\n<p style=\"text-align: justify;\">Para acceder a estos cupos, los solicitantes deben cumplir con dos criterios clave:<\/p>\n<p style=\"text-align: justify;\">Fecha m\u00e1s pr\u00f3xima de nacionalizaci\u00f3n del veh\u00edculo.<br \/>\nMenor precio de venta al p\u00fablico declarado en la solicitud.<\/p>\n<p style=\"text-align: justify;\">\u00bfQu\u00e9 marcas podr\u00e1n importar veh\u00edculos?<br \/>\nSeg\u00fan lo informado por la Direcci\u00f3n Nacional de Gesti\u00f3n de Pol\u00edtica Industrial, los informes t\u00e9cnicos que justifican la distribuci\u00f3n de los cupos incluyen a firmas automotrices de gran presencia internacional, tales como:<\/p>\n<p style=\"text-align: justify;\">Chevrolet<br \/>\nRenault<br \/>\nFiat<br \/>\nFord<br \/>\nAlfa Romeo<br \/>\nGeely<br \/>\nChery<br \/>\nHyundai, entre otras.<br \/>\nEn total, se solicitaron 33.027 unidades bajo este r\u00e9gimen, lo que demuestra el alto inter\u00e9s del sector en participar de esta nueva etapa regulatoria m\u00e1s flexible y orientada a la electromovilidad.<\/p>\n<p style=\"text-align: justify;\">Arancel cero, pero sigue vigente la Tasa de Estad\u00edstica<br \/>\n3 ejes por mejorar para \u00abposicionar\u00bb veh\u00edculos el\u00e9ctricos en una Argentina en crisis<br \/>\nArgentina avanza lento en la adopci\u00f3n de veh\u00edculos electricos.<\/p>\n<p style=\"text-align: justify;\">Uno de los beneficios m\u00e1s destacados del nuevo esquema es la aplicaci\u00f3n de un 0% de arancel para veh\u00edculos el\u00e9ctricos e h\u00edbridos con valor FOB menor a USD 16.000. E<\/p>\n<p style=\"text-align: justify;\">Esta medida tiene como objetivo mejorar la competitividad del producto importado y reducir el precio final al consumidor.<\/p>\n<p style=\"text-align: justify;\">Sin embargo, los representantes del sector automotor advierten que a\u00fan persisten trabas impositivas que encarecen la operaci\u00f3n, como la Tasa de Estad\u00edstica del 3%, que sigue siendo cobrada por la Aduana.<\/p>\n<p style=\"text-align: justify;\">Tanto desde el sector privado como desde las entidades empresariales, se valora positivamente la desburocratizaci\u00f3n del proceso de importaci\u00f3n. La agilizaci\u00f3n en los tr\u00e1mites permite:<\/p>\n<p style=\"text-align: justify;\">Acortar tiempos de despacho.<br \/>\nAmpliar la oferta de veh\u00edculos el\u00e9ctricos disponibles.<br \/>\nMejorar la competitividad del mercado interno.<br \/>\nPosibilitar mejores precios para los consumidores.<br \/>\nEstas medidas se dan en un contexto econ\u00f3mico complejo, con altos niveles de inflaci\u00f3n y restricciones externas, lo que refuerza la importancia de pol\u00edticas que faciliten el acceso a veh\u00edculos el\u00e9ctricos, m\u00e1s eficientes y sustentables.<\/p>\n<p style=\"text-align: justify;\">Autos cl\u00e1sicos: tambi\u00e9n con beneficios<br \/>\nEn paralelo, el Gobierno reglament\u00f3 tambi\u00e9n el proceso para importar veh\u00edculos de colecci\u00f3n o de inter\u00e9s hist\u00f3rico, simplificando los tr\u00e1mites para modelos con m\u00e1s de 30 a\u00f1os de antig\u00fcedad y valor FOB m\u00ednimo de USD 12.000.<\/p>\n<p style=\"text-align: justify;\">Entre los beneficios establecidos se destacan:<\/p>\n<p style=\"text-align: justify;\">Eliminaci\u00f3n de declaraciones juradas sobre tenencia de moneda extranjera.<br \/>\nEliminaci\u00f3n de la tasaci\u00f3n oficial posterior al ingreso.<br \/>\nReducci\u00f3n del plazo de no enajenaci\u00f3n a solo dos a\u00f1os.<br \/>\nSupresi\u00f3n de revisiones t\u00e9cnicas duplicadas.<br \/>\nLa medida apunta a facilitar la importaci\u00f3n de veh\u00edculos hist\u00f3ricos sin que este r\u00e9gimen se use como una v\u00eda para ingresar autos usados de manera generalizada.<\/p>\n<p style=\"text-align: justify;\">El nuevo esquema de importaciones llega en un momento donde la demanda de veh\u00edculos el\u00e9ctricos e h\u00edbridos en Argentina a\u00fan es incipiente pero muestra se\u00f1ales de crecimiento sostenido.<\/p>\n","protected":false},"excerpt":{"rendered":"<p>Como impulso a la electromovilidad mediante incentivos fiscales y una fuerte desregulaci\u00f3n del mercado automotor, este mi\u00e9rcoles 16 de abril el Gobierno argentino oficializ\u00f3 la creaci\u00f3n de un nuevo r\u00e9gimen para la importaci\u00f3n de veh\u00edculos el\u00e9ctricos e h\u00edbridos. En el Bolet\u00edn Oficial se establece un cupo total de 50.000 unidades con arancel de importaci\u00f3n del [&hellip;]<\/p>\n","protected":false},"author":2,"featured_media":75871,"comment_status":"closed","ping_status":"open","sticky":false,"template":"","format":"standard","meta":{"footnotes":""},"categories":[39,44,48],"tags":[],"class_list":{"0":"post-75870","1":"post","2":"type-post","3":"status-publish","4":"format-standard","5":"has-post-thumbnail","7":"category-energia","8":"category-portada-energia","9":"category-portada-general-sitio"},"_links":{"self":[{"href":"https:\/\/jms.com.bo\/mediamonitor\/wp-json\/wp\/v2\/posts\/75870","targetHints":{"allow":["GET"]}}],"collection":[{"href":"https:\/\/jms.com.bo\/mediamonitor\/wp-json\/wp\/v2\/posts"}],"about":[{"href":"https:\/\/jms.com.bo\/mediamonitor\/wp-json\/wp\/v2\/types\/post"}],"author":[{"embeddable":true,"href":"https:\/\/jms.com.bo\/mediamonitor\/wp-json\/wp\/v2\/users\/2"}],"replies":[{"embeddable":true,"href":"https:\/\/jms.com.bo\/mediamonitor\/wp-json\/wp\/v2\/comments?post=75870"}],"version-history":[{"count":0,"href":"https:\/\/jms.com.bo\/mediamonitor\/wp-json\/wp\/v2\/posts\/75870\/revisions"}],"wp:featuredmedia":[{"embeddable":true,"href":"https:\/\/jms.com.bo\/mediamonitor\/wp-json\/wp\/v2\/media\/75871"}],"wp:attachment":[{"href":"https:\/\/jms.com.bo\/mediamonitor\/wp-json\/wp\/v2\/media?parent=75870"}],"wp:term":[{"taxonomy":"category","embeddable":true,"href":"https:\/\/jms.com.bo\/mediamonitor\/wp-json\/wp\/v2\/categories?post=75870"},{"taxonomy":"post_tag","embeddable":true,"href":"https:\/\/jms.com.bo\/mediamonitor\/wp-json\/wp\/v2\/tags?post=75870"}],"curies":[{"name":"wp","href":"https:\/\/api.w.org\/{rel}","templated":true}]}}