{"id":75878,"date":"2025-04-17T07:33:39","date_gmt":"2025-04-17T11:33:39","guid":{"rendered":"https:\/\/jms.com.bo\/mediamonitor\/2025\/04\/17\/una-empresa-brasilena-inicia-la-importacion-de-gas-natural-argentino-a-traves-de-bolivia\/"},"modified":"2025-04-17T07:33:39","modified_gmt":"2025-04-17T11:33:39","slug":"una-empresa-brasilena-inicia-la-importacion-de-gas-natural-argentino-a-traves-de-bolivia","status":"publish","type":"post","link":"https:\/\/jms.com.bo\/mediamonitor\/2025\/04\/17\/una-empresa-brasilena-inicia-la-importacion-de-gas-natural-argentino-a-traves-de-bolivia\/","title":{"rendered":"Una empresa brasile\u00f1a inicia la importaci\u00f3n de gas natural argentino a trav\u00e9s de Bolivia"},"content":{"rendered":"<p style=\"text-align: justify;\">La empresa brasile\u00f1a Edge anunci\u00f3 este mi\u00e9rcoles el inicio de la importaci\u00f3n de gas natural procedente de Argentina, a trav\u00e9s del gasoducto que pasa por Bolivia.<\/p>\n<p style=\"text-align: justify;\">La operaci\u00f3n es fruto de un acuerdo de Edge, filial de la empresa energ\u00e9tica Cosan, con Tecpetrol, principal productora de gas no convencional de Argentina.<\/p>\n<p style=\"text-align: justify;\">Edge no detall\u00f3 las cantidades de gas importadas, ni el monto de la operaci\u00f3n, que le servir\u00e1 para diversificar sus proveedores de gas.<\/p>\n<p style=\"text-align: justify;\">El director ejecutivo de Edge, Demetrio Magalh\u00e3es, dijo en un comunicado que esta operaci\u00f3n refuerza la posici\u00f3n de la empresa \u00abde fomentar la integraci\u00f3n energ\u00e9tica regional\u00bb y le permitir\u00e1 \u00abgarantizar un suministro flexible, seguro y competitivo\u00bb para sus clientes.<\/p>\n<p style=\"text-align: justify;\">Esta es la segunda empresa brasile\u00f1a que anuncia la importaci\u00f3n de gas desde Argentina usando el gasoducto boliviano, luego de que MTX Comercializadora de G\u00e1s Natural anunci\u00f3 un acuerdo con TotalEnergies a comienzo de abril.<\/p>\n<p style=\"text-align: justify;\">Los contratos de importaci\u00f3n se enmarcan en un acuerdo suscrito el a\u00f1o pasado por los Gobiernos de Brasil y Argentina mediante el cual el gigante suramericano podr\u00e1 recibir hasta 30 millones de metros c\u00fabicos diarios del gas natural producidos en el pa\u00eds austral.<\/p>\n","protected":false},"excerpt":{"rendered":"<p>La empresa brasile\u00f1a Edge anunci\u00f3 este mi\u00e9rcoles el inicio de la importaci\u00f3n de gas natural procedente de Argentina, a trav\u00e9s del gasoducto que pasa por Bolivia. La operaci\u00f3n es fruto de un acuerdo de Edge, filial de la empresa energ\u00e9tica Cosan, con Tecpetrol, principal productora de gas no convencional de Argentina. Edge no detall\u00f3 las [&hellip;]<\/p>\n","protected":false},"author":2,"featured_media":75879,"comment_status":"closed","ping_status":"open","sticky":false,"template":"","format":"standard","meta":{"footnotes":""},"categories":[48,43],"tags":[],"class_list":{"0":"post-75878","1":"post","2":"type-post","3":"status-publish","4":"format-standard","5":"has-post-thumbnail","7":"category-portada-general-sitio","8":"category-portada-oil-gas"},"_links":{"self":[{"href":"https:\/\/jms.com.bo\/mediamonitor\/wp-json\/wp\/v2\/posts\/75878","targetHints":{"allow":["GET"]}}],"collection":[{"href":"https:\/\/jms.com.bo\/mediamonitor\/wp-json\/wp\/v2\/posts"}],"about":[{"href":"https:\/\/jms.com.bo\/mediamonitor\/wp-json\/wp\/v2\/types\/post"}],"author":[{"embeddable":true,"href":"https:\/\/jms.com.bo\/mediamonitor\/wp-json\/wp\/v2\/users\/2"}],"replies":[{"embeddable":true,"href":"https:\/\/jms.com.bo\/mediamonitor\/wp-json\/wp\/v2\/comments?post=75878"}],"version-history":[{"count":0,"href":"https:\/\/jms.com.bo\/mediamonitor\/wp-json\/wp\/v2\/posts\/75878\/revisions"}],"wp:featuredmedia":[{"embeddable":true,"href":"https:\/\/jms.com.bo\/mediamonitor\/wp-json\/wp\/v2\/media\/75879"}],"wp:attachment":[{"href":"https:\/\/jms.com.bo\/mediamonitor\/wp-json\/wp\/v2\/media?parent=75878"}],"wp:term":[{"taxonomy":"category","embeddable":true,"href":"https:\/\/jms.com.bo\/mediamonitor\/wp-json\/wp\/v2\/categories?post=75878"},{"taxonomy":"post_tag","embeddable":true,"href":"https:\/\/jms.com.bo\/mediamonitor\/wp-json\/wp\/v2\/tags?post=75878"}],"curies":[{"name":"wp","href":"https:\/\/api.w.org\/{rel}","templated":true}]}}