{"id":75882,"date":"2025-04-21T06:48:14","date_gmt":"2025-04-21T10:48:14","guid":{"rendered":"https:\/\/jms.com.bo\/mediamonitor\/2025\/04\/21\/ajata-no-hay-fecha-para-levantar-el-veto-a-la-exportacion-de-carne\/"},"modified":"2025-04-21T06:48:14","modified_gmt":"2025-04-21T10:48:14","slug":"ajata-no-hay-fecha-para-levantar-el-veto-a-la-exportacion-de-carne","status":"publish","type":"post","link":"https:\/\/jms.com.bo\/mediamonitor\/2025\/04\/21\/ajata-no-hay-fecha-para-levantar-el-veto-a-la-exportacion-de-carne\/","title":{"rendered":"Ajata: No hay fecha para levantar el veto a la exportaci\u00f3n de carne"},"content":{"rendered":"<p style=\"text-align: justify;\">El viceministro de Comercio Exterior, Hu\u00e1scar Ajata, asegur\u00f3 este domingo que la suspensi\u00f3n de la exportaci\u00f3n de carne es temporal; sin embargo, reconoci\u00f3 que a\u00fan no hay una fecha espec\u00edfica para levantar la restricci\u00f3n.<\/p>\n<p style=\"text-align: justify;\">\u201cEs importante dar una se\u00f1al correcta, no hay un veto; hay una suspensi\u00f3n temporal, esto ha sido conversado con los sectores productivos y ustedes conocen la pol\u00edtica interna de abastecimiento al mercado interno y posteriormente se continuar\u00e1 con las exportaciones\u201d, dio en conferencia de prensa.<\/p>\n<p style=\"text-align: justify;\">Seg\u00fan el viceministro, cuando se regularicen los precios y el abastecimiento en el mercado interno, se coordinar\u00e1 con el sector ganadero para regularizar las exportaciones.<\/p>\n<p style=\"text-align: justify;\">Adem\u00e1s, record\u00f3 que el Gobierno trabaja de manera conjunta con el sector privado para la habilitaci\u00f3n de mercados para la exportaci\u00f3n de carne y otros productos. Dijo que, actualmente, se trabaja en la venta de la prote\u00edna a Egipto y Chile.<\/p>\n<p style=\"text-align: justify;\">Carne<\/p>\n<p style=\"text-align: justify;\">\u201cEn diciembre del a\u00f1o pasado hemos recibido la visita del ministerio de Agricultura de Egipto, los pa\u00edses \u00e1rabes de oriente requieren una certificaci\u00f3n especial para la exportaci\u00f3n de carne a esos mercados. Estamos trabajando activamente con ellos y cuando se regularicen las exportaciones podremos exportar a los pa\u00edses del medio oriente, del sud este asi\u00e1tico y con Chile tambi\u00e9n tenemos el objetivo de poder exportar carne\u201d, explic\u00f3.<\/p>\n<p style=\"text-align: justify;\">La semana pasada, el ministro de Desarrollo Rural y Tierras, Yamil Flores, descart\u00f3 levantar el veto a la exportaci\u00f3n de carne de res debido a que los sectores ganadero e industrial a\u00fan no cumplieron los compromisos asumidos para reducir los precios en el mercado interno.<\/p>\n<p style=\"text-align: justify;\">El 5 de febrero, y debido al incremento \u201cinjustificado\u201d del precio de la carne de res, el Gobierno determin\u00f3 la suspensi\u00f3n temporal de las exportaciones de este producto con el objetivo de generar una mayor oferta en el mercado interno para que los costos se normalicen. Sin embargo, el costo de la prote\u00edna se mantiene elevado.<\/p>\n","protected":false},"excerpt":{"rendered":"<p>El viceministro de Comercio Exterior, Hu\u00e1scar Ajata, asegur\u00f3 este domingo que la suspensi\u00f3n de la exportaci\u00f3n de carne es temporal; sin embargo, reconoci\u00f3 que a\u00fan no hay una fecha espec\u00edfica para levantar la restricci\u00f3n. \u201cEs importante dar una se\u00f1al correcta, no hay un veto; hay una suspensi\u00f3n temporal, esto ha sido conversado con los sectores [&hellip;]<\/p>\n","protected":false},"author":2,"featured_media":4902,"comment_status":"closed","ping_status":"open","sticky":false,"template":"","format":"standard","meta":{"footnotes":""},"categories":[1],"tags":[],"class_list":{"0":"post-75882","1":"post","2":"type-post","3":"status-publish","4":"format-standard","5":"has-post-thumbnail","7":"category-uncategorized"},"_links":{"self":[{"href":"https:\/\/jms.com.bo\/mediamonitor\/wp-json\/wp\/v2\/posts\/75882","targetHints":{"allow":["GET"]}}],"collection":[{"href":"https:\/\/jms.com.bo\/mediamonitor\/wp-json\/wp\/v2\/posts"}],"about":[{"href":"https:\/\/jms.com.bo\/mediamonitor\/wp-json\/wp\/v2\/types\/post"}],"author":[{"embeddable":true,"href":"https:\/\/jms.com.bo\/mediamonitor\/wp-json\/wp\/v2\/users\/2"}],"replies":[{"embeddable":true,"href":"https:\/\/jms.com.bo\/mediamonitor\/wp-json\/wp\/v2\/comments?post=75882"}],"version-history":[{"count":0,"href":"https:\/\/jms.com.bo\/mediamonitor\/wp-json\/wp\/v2\/posts\/75882\/revisions"}],"wp:featuredmedia":[{"embeddable":true,"href":"https:\/\/jms.com.bo\/mediamonitor\/wp-json\/wp\/v2\/media\/4902"}],"wp:attachment":[{"href":"https:\/\/jms.com.bo\/mediamonitor\/wp-json\/wp\/v2\/media?parent=75882"}],"wp:term":[{"taxonomy":"category","embeddable":true,"href":"https:\/\/jms.com.bo\/mediamonitor\/wp-json\/wp\/v2\/categories?post=75882"},{"taxonomy":"post_tag","embeddable":true,"href":"https:\/\/jms.com.bo\/mediamonitor\/wp-json\/wp\/v2\/tags?post=75882"}],"curies":[{"name":"wp","href":"https:\/\/api.w.org\/{rel}","templated":true}]}}