{"id":75885,"date":"2025-04-21T06:52:08","date_gmt":"2025-04-21T10:52:08","guid":{"rendered":"https:\/\/jms.com.bo\/mediamonitor\/2025\/04\/21\/confirman-10-muertes-por-influenza-y-esta-semana-ya-se-reportan-264-casos-positivos-en-santa-cruz\/"},"modified":"2025-04-21T06:52:08","modified_gmt":"2025-04-21T10:52:08","slug":"confirman-10-muertes-por-influenza-y-esta-semana-ya-se-reportan-264-casos-positivos-en-santa-cruz","status":"publish","type":"post","link":"https:\/\/jms.com.bo\/mediamonitor\/2025\/04\/21\/confirman-10-muertes-por-influenza-y-esta-semana-ya-se-reportan-264-casos-positivos-en-santa-cruz\/","title":{"rendered":"Confirman 10 muertes por influenza y esta semana ya se reportan 264 casos positivos en Santa Cruz"},"content":{"rendered":"<p style=\"text-align: justify;\">El Servicio Departamental de Salud (Sedes) de Santa Cruz confirm\u00f3 ocho nuevas muertes por influenza por lo que el n\u00famero total de v\u00edctimas fatales se eleva a 10 en este a\u00f1o. Adem\u00e1s a la mitad de la semana epidemiol\u00f3gica 16 ya se reportaron 264 casos positivos y el total acumulado en este a\u00f1o es de 1.268, inform\u00f3 Dorian Jim\u00e9nez , jefe de Epidemiolog\u00eda del Sedes.<\/p>\n<p style=\"text-align: justify;\">El funcionario detall\u00f3 la curva de aumento, ya que en la semana epidemiol\u00f3gica 13 hubo 117 casos, en la 14 se registraron 306 y en la 15 la cifra se elev\u00f3 hasta los 474. El dato de los 264 casos en lo que va de semana est\u00e1 actualizado hasta el mi\u00e9rcoles. Esto significa que en las \u00faltimas semanas hubo una aceleraci\u00f3n de los contagios, explic\u00f3 Jim\u00e9nez.<\/p>\n<p style=\"text-align: justify;\">\u201cLos contagios siguen subiendo porque la poblaci\u00f3n no acata las recomendaciones\u201d, lament\u00f3 Jim\u00e9nez. Esta semana, el Sedes declar\u00f3 Alerta Roja sanitaria a nivel departamental. La medida caus\u00f3 discrepancias internas en la gobernaci\u00f3n, ya que el secretario de Salud, Marcelo Kramer, de cuyo despacho depende el Sedes, consider\u00f3 apresurada la decisi\u00f3n.<\/p>\n<p style=\"text-align: justify;\">Seg\u00fan Jim\u00e9nez, otros ocho decesos son analizados por el comit\u00e9 cient\u00edfico para determinar si la causa fue o no la influenza. \u201cSi tiene s\u00edntomas, no se automedique, no vaya a la escuela ni al trabajo, y use barbijo de forma permanente. El tratamiento existe, pero si llegan tarde, no hay mucho por hacer\u201d, recomend\u00f3 el funcionario.<\/p>\n<p style=\"text-align: justify;\">Tambi\u00e9n remarc\u00f3 la importancia del lavado frecuente de manos y el uso de alcohol en gel, como medidas preventivas. \u201cSi usted tiene fiebre, tos, dolor de garganta, acuda inmediatamente\u201d al centro de salud m\u00e1s cercano, insisti\u00f3 Jim\u00e9nez.<\/p>\n<p style=\"text-align: justify;\">Adem\u00e1s enfatiz\u00f3 en la aplicaci\u00f3n de filtros para los estudiantes. El primero de ellos est\u00e1 en el hogar ya que si hay s\u00edntomas los padres no deben enviar a sus hijos a clases. Si no se cumple esta primera parte un segundo filtro deben aplicar los maestros y los porteros de los establecimientos para detectar si alg\u00fan ni\u00f1o tiene alguna sintomatolog\u00eda respiratoria, para as\u00ed mandarlo de vuelta a casa para que de ah\u00ed se lo lleve a un centro de salud.<\/p>\n","protected":false},"excerpt":{"rendered":"<p>El Servicio Departamental de Salud (Sedes) de Santa Cruz confirm\u00f3 ocho nuevas muertes por influenza por lo que el n\u00famero total de v\u00edctimas fatales se eleva a 10 en este a\u00f1o. Adem\u00e1s a la mitad de la semana epidemiol\u00f3gica 16 ya se reportaron 264 casos positivos y el total acumulado en este a\u00f1o es de [&hellip;]<\/p>\n","protected":false},"author":2,"featured_media":75886,"comment_status":"closed","ping_status":"open","sticky":false,"template":"","format":"standard","meta":{"footnotes":""},"categories":[49],"tags":[],"class_list":{"0":"post-75885","1":"post","2":"type-post","3":"status-publish","4":"format-standard","5":"has-post-thumbnail","7":"category-social"},"_links":{"self":[{"href":"https:\/\/jms.com.bo\/mediamonitor\/wp-json\/wp\/v2\/posts\/75885","targetHints":{"allow":["GET"]}}],"collection":[{"href":"https:\/\/jms.com.bo\/mediamonitor\/wp-json\/wp\/v2\/posts"}],"about":[{"href":"https:\/\/jms.com.bo\/mediamonitor\/wp-json\/wp\/v2\/types\/post"}],"author":[{"embeddable":true,"href":"https:\/\/jms.com.bo\/mediamonitor\/wp-json\/wp\/v2\/users\/2"}],"replies":[{"embeddable":true,"href":"https:\/\/jms.com.bo\/mediamonitor\/wp-json\/wp\/v2\/comments?post=75885"}],"version-history":[{"count":0,"href":"https:\/\/jms.com.bo\/mediamonitor\/wp-json\/wp\/v2\/posts\/75885\/revisions"}],"wp:featuredmedia":[{"embeddable":true,"href":"https:\/\/jms.com.bo\/mediamonitor\/wp-json\/wp\/v2\/media\/75886"}],"wp:attachment":[{"href":"https:\/\/jms.com.bo\/mediamonitor\/wp-json\/wp\/v2\/media?parent=75885"}],"wp:term":[{"taxonomy":"category","embeddable":true,"href":"https:\/\/jms.com.bo\/mediamonitor\/wp-json\/wp\/v2\/categories?post=75885"},{"taxonomy":"post_tag","embeddable":true,"href":"https:\/\/jms.com.bo\/mediamonitor\/wp-json\/wp\/v2\/tags?post=75885"}],"curies":[{"name":"wp","href":"https:\/\/api.w.org\/{rel}","templated":true}]}}