{"id":75893,"date":"2025-04-21T07:05:51","date_gmt":"2025-04-21T11:05:51","guid":{"rendered":"https:\/\/jms.com.bo\/mediamonitor\/2025\/04\/21\/transicion-climatica-senamhi-alerta-de-frio-y-persistentes-lluvias\/"},"modified":"2025-04-21T07:05:51","modified_gmt":"2025-04-21T11:05:51","slug":"transicion-climatica-senamhi-alerta-de-frio-y-persistentes-lluvias","status":"publish","type":"post","link":"https:\/\/jms.com.bo\/mediamonitor\/2025\/04\/21\/transicion-climatica-senamhi-alerta-de-frio-y-persistentes-lluvias\/","title":{"rendered":"Transici\u00f3n clim\u00e1tica: Senamhi alerta de fr\u00edo y persistentes lluvias"},"content":{"rendered":"<p style=\"text-align: justify;\">En medio de las lluvias, el fr\u00edo ya se hace sentir en algunos puntos el pa\u00eds. El Servicio Nacional de Meteorolog\u00eda e Hidrolog\u00eda (Senamhi) inform\u00f3 que el pa\u00eds se encuentra en un periodo de transici\u00f3n hacia la \u00e9poca seca, por lo cual las temperaturas han empezado a decender.<\/p>\n<p style=\"text-align: justify;\">\u00abEst\u00e1n descendiendo las temperaturas, han bajado paulatinamente, estamos todav\u00eda en esta \u00e9poca de transici\u00f3n. Estamos ingresando tambi\u00e9n hacia la \u00e9poca seca, as\u00ed que eso (fr\u00edo) va a ser caracter\u00edstica de la \u00e9poca seca y la \u00e9poca de invierno\u00bb, inform\u00f3 un profesional del Senamhi, a Bolivia Tv.<\/p>\n<p style=\"text-align: justify;\">Aunque el invierno se asoma de a poco, lo que no da tregua es la temporada de lluvias. Las precipitaciones ingresaron al pa\u00eds en noviembre del a\u00f1o pasado y, desde entonces, no han parado. Pese a esto, el pron\u00f3stico apunta a una persistencia de los aguaceros.<\/p>\n<p style=\"text-align: justify;\">SENAMHI<br \/>\n\u00abA toda la poblaci\u00f3n boliviana, las lluvias todav\u00eda van a estar presentes durante este fin de semana e inicios de la pr\u00f3xima semana, ac\u00e1 en la sede de gobierno y tambi\u00e9n en el norte del pa\u00eds en departamentos como Beni, Pando, norte de La Paz, Yungas. Cochabamba tambi\u00e9n va a estar con algunas precipitaciones, Chuquisaca, Tarija, donde se estar\u00edan dando las principales precipitaciones. Por lo dem\u00e1s vamos a estar principalmente con cielos nublosos y con claros ocasionales\u00bb, indic\u00f3 el experto.<\/p>\n<p style=\"text-align: justify;\">Las precipitaciones han causado varias emergencias en el pa\u00eds. Este fin de semana, el principal problema se report\u00f3 desde la carretera Villa Tunari-Locotal, donde se present\u00f3 un derrumbe. El desastre afect\u00f3 el tr\u00e1nsito entre oriente y occidente del pa\u00eds, pues se pidi\u00f3 usar la carretera antigua.<\/p>\n<p style=\"text-align: justify;\">Ahora, se suma un fr\u00edo creciente. El Senamhi ha pedido a la poblaci\u00f3n tomar recaudos.<\/p>\n<p style=\"text-align: justify;\">\u00abPrincipalmente al occidente, (se recomienda) tener mucho cuidado con los cambios de temperatura, ya que en horas de la madrugada y noche vamos a tener un fr\u00edo muy marcado; y en la tarde podr\u00edamos tener un calor elevado. Tener mucho cuidado y tener el abrigo en mano\u00bb.<\/p>\n<p style=\"text-align: justify;\">El invierno suele entrar al pa\u00eds en junio, con incluso temperaturas bajo cero.<\/p>\n","protected":false},"excerpt":{"rendered":"<p>En medio de las lluvias, el fr\u00edo ya se hace sentir en algunos puntos el pa\u00eds. El Servicio Nacional de Meteorolog\u00eda e Hidrolog\u00eda (Senamhi) inform\u00f3 que el pa\u00eds se encuentra en un periodo de transici\u00f3n hacia la \u00e9poca seca, por lo cual las temperaturas han empezado a decender. \u00abEst\u00e1n descendiendo las temperaturas, han bajado paulatinamente, [&hellip;]<\/p>\n","protected":false},"author":2,"featured_media":6156,"comment_status":"closed","ping_status":"open","sticky":false,"template":"","format":"standard","meta":{"footnotes":""},"categories":[20,47,48],"tags":[],"class_list":{"0":"post-75893","1":"post","2":"type-post","3":"status-publish","4":"format-standard","5":"has-post-thumbnail","7":"category-actualidad","8":"category-portada-actualidad","9":"category-portada-general-sitio"},"_links":{"self":[{"href":"https:\/\/jms.com.bo\/mediamonitor\/wp-json\/wp\/v2\/posts\/75893","targetHints":{"allow":["GET"]}}],"collection":[{"href":"https:\/\/jms.com.bo\/mediamonitor\/wp-json\/wp\/v2\/posts"}],"about":[{"href":"https:\/\/jms.com.bo\/mediamonitor\/wp-json\/wp\/v2\/types\/post"}],"author":[{"embeddable":true,"href":"https:\/\/jms.com.bo\/mediamonitor\/wp-json\/wp\/v2\/users\/2"}],"replies":[{"embeddable":true,"href":"https:\/\/jms.com.bo\/mediamonitor\/wp-json\/wp\/v2\/comments?post=75893"}],"version-history":[{"count":0,"href":"https:\/\/jms.com.bo\/mediamonitor\/wp-json\/wp\/v2\/posts\/75893\/revisions"}],"wp:featuredmedia":[{"embeddable":true,"href":"https:\/\/jms.com.bo\/mediamonitor\/wp-json\/wp\/v2\/media\/6156"}],"wp:attachment":[{"href":"https:\/\/jms.com.bo\/mediamonitor\/wp-json\/wp\/v2\/media?parent=75893"}],"wp:term":[{"taxonomy":"category","embeddable":true,"href":"https:\/\/jms.com.bo\/mediamonitor\/wp-json\/wp\/v2\/categories?post=75893"},{"taxonomy":"post_tag","embeddable":true,"href":"https:\/\/jms.com.bo\/mediamonitor\/wp-json\/wp\/v2\/tags?post=75893"}],"curies":[{"name":"wp","href":"https:\/\/api.w.org\/{rel}","templated":true}]}}