{"id":75895,"date":"2025-04-21T07:07:13","date_gmt":"2025-04-21T11:07:13","guid":{"rendered":"https:\/\/jms.com.bo\/mediamonitor\/2025\/04\/21\/el-mnr-aun-no-confirma-su-alianza-con-jaime-dunn\/"},"modified":"2025-04-21T07:07:13","modified_gmt":"2025-04-21T11:07:13","slug":"el-mnr-aun-no-confirma-su-alianza-con-jaime-dunn","status":"publish","type":"post","link":"https:\/\/jms.com.bo\/mediamonitor\/2025\/04\/21\/el-mnr-aun-no-confirma-su-alianza-con-jaime-dunn\/","title":{"rendered":"El MNR a\u00fan no confirma su alianza con Jaime Dunn"},"content":{"rendered":"<p style=\"text-align: justify;\">En las filas del Movimiento Nacionalista Revolucionario (MNR), los jefes departamentales de Santa Cruz y La Paz se\u00f1alaron que tienen previsto invitar al economista Jaime Dunn como candidato para las elecciones presidenciales. El jefe nacional de este partido, Johnny Torres, se\u00f1al\u00f3 que son \u201ccriterios\u201d que barajan al interior de este partido, dejando entrever que todav\u00eda est\u00e1n analizando alternativas para sellar una alianza que tenga la posibilidad de vencer al Movimiento al Socialismo (MAS) en los comicios del 17 de agosto.<\/p>\n<p style=\"text-align: justify;\">Torres se\u00f1al\u00f3 que el Comando Nacional lo que ha hecho es darle un poder amplio, para que en su condici\u00f3n de Jefe Nacional del MNR firme la alianza que considere conveniente, por lo que ahora est\u00e1 trabajando en tratar de constituir una alianza que logre derrotar al MAS y no armar cualquier tipo de candidatura.<\/p>\n<p style=\"text-align: justify;\">La autoridad tarije\u00f1a confirm\u00f3 que este viernes estar\u00e1 presente en la ciudad de La Paz, donde prev\u00e9 tomar decisiones en torno a este partido. Aclar\u00f3 que de momento no existe ning\u00fan acuerdo con Dunn, y lo que sali\u00f3 a relucir solamente ha sido una \u201cintenci\u00f3n\u201d por parte de los jefes nacionales del MNR de La Paz y Santa Cruz.<\/p>\n<p style=\"text-align: justify;\">Torres recalc\u00f3 que actualmente el pedido del pueblo boliviano es que exista unidad en la oposici\u00f3n, que exista una propuesta para salir de la crisis. Sin embargo, advirti\u00f3 que ante la inminente dispersi\u00f3n del voto por la candidatura de Samuel Doria Medina, Jorge \u201cTuto\u201d Quiroga, Manfred Reyes Villa, Chi Hyun Chung y la de Jaime Dunn, esta tarea de conformar un bloque que le gane al MAS se est\u00e1 complicando.<\/p>\n<p style=\"text-align: justify;\">Cabe se\u00f1alar que al finalizar la jornada de este viernes 18 de abril, vence el plazo para que los partidos pol\u00edticos puedan inscribir sus alianzas de cara a las elecciones generales a celebrarse en agosto de este a\u00f1o.<\/p>\n","protected":false},"excerpt":{"rendered":"<p>En las filas del Movimiento Nacionalista Revolucionario (MNR), los jefes departamentales de Santa Cruz y La Paz se\u00f1alaron que tienen previsto invitar al economista Jaime Dunn como candidato para las elecciones presidenciales. El jefe nacional de este partido, Johnny Torres, se\u00f1al\u00f3 que son \u201ccriterios\u201d que barajan al interior de este partido, dejando entrever que todav\u00eda [&hellip;]<\/p>\n","protected":false},"author":2,"featured_media":75896,"comment_status":"closed","ping_status":"open","sticky":false,"template":"","format":"standard","meta":{"footnotes":""},"categories":[1],"tags":[],"class_list":{"0":"post-75895","1":"post","2":"type-post","3":"status-publish","4":"format-standard","5":"has-post-thumbnail","7":"category-uncategorized"},"_links":{"self":[{"href":"https:\/\/jms.com.bo\/mediamonitor\/wp-json\/wp\/v2\/posts\/75895","targetHints":{"allow":["GET"]}}],"collection":[{"href":"https:\/\/jms.com.bo\/mediamonitor\/wp-json\/wp\/v2\/posts"}],"about":[{"href":"https:\/\/jms.com.bo\/mediamonitor\/wp-json\/wp\/v2\/types\/post"}],"author":[{"embeddable":true,"href":"https:\/\/jms.com.bo\/mediamonitor\/wp-json\/wp\/v2\/users\/2"}],"replies":[{"embeddable":true,"href":"https:\/\/jms.com.bo\/mediamonitor\/wp-json\/wp\/v2\/comments?post=75895"}],"version-history":[{"count":0,"href":"https:\/\/jms.com.bo\/mediamonitor\/wp-json\/wp\/v2\/posts\/75895\/revisions"}],"wp:featuredmedia":[{"embeddable":true,"href":"https:\/\/jms.com.bo\/mediamonitor\/wp-json\/wp\/v2\/media\/75896"}],"wp:attachment":[{"href":"https:\/\/jms.com.bo\/mediamonitor\/wp-json\/wp\/v2\/media?parent=75895"}],"wp:term":[{"taxonomy":"category","embeddable":true,"href":"https:\/\/jms.com.bo\/mediamonitor\/wp-json\/wp\/v2\/categories?post=75895"},{"taxonomy":"post_tag","embeddable":true,"href":"https:\/\/jms.com.bo\/mediamonitor\/wp-json\/wp\/v2\/tags?post=75895"}],"curies":[{"name":"wp","href":"https:\/\/api.w.org\/{rel}","templated":true}]}}