{"id":75897,"date":"2025-04-21T07:08:55","date_gmt":"2025-04-21T11:08:55","guid":{"rendered":"https:\/\/jms.com.bo\/mediamonitor\/2025\/04\/21\/nuevo-recurso-sobre-las-elecciones-en-el-tcp-tse-pide-medida-cautelar-sobre-participacion-de-indigenas\/"},"modified":"2025-04-21T07:08:55","modified_gmt":"2025-04-21T11:08:55","slug":"nuevo-recurso-sobre-las-elecciones-en-el-tcp-tse-pide-medida-cautelar-sobre-participacion-de-indigenas","status":"publish","type":"post","link":"https:\/\/jms.com.bo\/mediamonitor\/2025\/04\/21\/nuevo-recurso-sobre-las-elecciones-en-el-tcp-tse-pide-medida-cautelar-sobre-participacion-de-indigenas\/","title":{"rendered":"Nuevo recurso sobre las elecciones en el TCP: TSE pide medida cautelar sobre participaci\u00f3n de ind\u00edgenas"},"content":{"rendered":"<p style=\"text-align: justify;\">El Tribunal Supremo Electoral (TSE) present\u00f3 una Acci\u00f3n de Inconstitucionalidad Concreta ante el Tribunal Constitucional Plurinacional (TCP) contra dos art\u00edculos de la Ley de Organizaciones Pol\u00edticas (Ley 1096), al considerar que restringen la participaci\u00f3n de pueblos ind\u00edgenas en elecciones presidenciales. Asimismo, solicit\u00f3 una medida cautelar para suspender la aplicaci\u00f3n de estas disposiciones mientras se resuelve el fondo del asunto.<\/p>\n<p style=\"text-align: justify;\">La acci\u00f3n se origina en una solicitud presentada en octubre de 2024 por el Consejo Nacional de Suyus Aymaras y Quechuas del Qullasuyu (Consaq-Bolivia), que pidi\u00f3 el reconocimiento de su personalidad jur\u00eddica con el fin de postular candidatos en los comicios nacionales de 2025. El TSE advierte que esta solicitud entra en conflicto con el art\u00edculo 5, inciso c), y el art\u00edculo 15 de la Ley 1096, que limitan la participaci\u00f3n de estas organizaciones exclusivamente a procesos subnacionales.<\/p>\n<p style=\"text-align: justify;\">El TSE observa que dichas disposiciones colisionan con el art\u00edculo 209 de la Constituci\u00f3n Pol\u00edtica del Estado (CPE), que reconoce el derecho de participaci\u00f3n de las organizaciones ind\u00edgena originario campesinas (OIOC) en todos los niveles del Estado, sin limitar su alcance a lo subnacional. Por ello, el recurso busca suspender frases como \u201c\u00fanicamente en elecciones subnacionales\u201d.<\/p>\n<p style=\"text-align: justify;\">Durante la deliberaci\u00f3n, el vocal Tahuichi Tahuichi emiti\u00f3 un voto disidente y plante\u00f3 la aplicaci\u00f3n directa del art\u00edculo 209 de la CPE, conforme a los art\u00edculos 410 y 256 que priorizan la supremac\u00eda constitucional y el bloque de constitucionalidad. Seg\u00fan su criterio, la participaci\u00f3n de las OIOC en las elecciones presidenciales no requiere una declaraci\u00f3n previa del TCP, y el TSE deber\u00eda garantizarla de forma inmediata para no lesionar derechos pol\u00edticos.<\/p>\n<p style=\"text-align: justify;\">La medida cautelar solicitada por el TSE busca asegurar que las organizaciones ind\u00edgenas puedan registrarse y presentar candidaturas para las elecciones generales de 2025. El presidente titular, Oscar Hassenteufel no particip\u00f3 de la sesi\u00f3n de Sala Plena por estar de vacaciones.<\/p>\n<p style=\"text-align: justify;\">El memorial indica que si el TCP resuelve favorablemente antes de la convocatoria a elecciones \u2013prevista para agosto\u2013 sus efectos ser\u00edan aplicables a ese proceso electoral; de lo contrario, regir\u00edan reci\u00e9n para comicios futuros.<\/p>\n<p style=\"text-align: justify;\">El TSE argumenta que no existe fundamento legal para que el legislador haya limitado un derecho pol\u00edtico reconocido por la Constituci\u00f3n. A su juicio, los art\u00edculos impugnados de la Ley 1096 violan los principios de igualdad, participaci\u00f3n y no discriminaci\u00f3n establecidos en tratados internacionales de derechos humanos, adem\u00e1s de la propia CPE.<\/p>\n<p style=\"text-align: justify;\">El recurso presentado por el Tribunal Electoral se suma a otros tres sobre las elecciones generales que activaron el diputado Israel Huaytari, el exmagistrado Gualberto Cusi y una organizaci\u00f3n ind\u00edgena, con distintos argumentos.<\/p>\n","protected":false},"excerpt":{"rendered":"<p>El Tribunal Supremo Electoral (TSE) present\u00f3 una Acci\u00f3n de Inconstitucionalidad Concreta ante el Tribunal Constitucional Plurinacional (TCP) contra dos art\u00edculos de la Ley de Organizaciones Pol\u00edticas (Ley 1096), al considerar que restringen la participaci\u00f3n de pueblos ind\u00edgenas en elecciones presidenciales. Asimismo, solicit\u00f3 una medida cautelar para suspender la aplicaci\u00f3n de estas disposiciones mientras se resuelve [&hellip;]<\/p>\n","protected":false},"author":2,"featured_media":75898,"comment_status":"closed","ping_status":"open","sticky":false,"template":"","format":"standard","meta":{"footnotes":""},"categories":[18],"tags":[],"class_list":{"0":"post-75897","1":"post","2":"type-post","3":"status-publish","4":"format-standard","5":"has-post-thumbnail","7":"category-politica"},"_links":{"self":[{"href":"https:\/\/jms.com.bo\/mediamonitor\/wp-json\/wp\/v2\/posts\/75897","targetHints":{"allow":["GET"]}}],"collection":[{"href":"https:\/\/jms.com.bo\/mediamonitor\/wp-json\/wp\/v2\/posts"}],"about":[{"href":"https:\/\/jms.com.bo\/mediamonitor\/wp-json\/wp\/v2\/types\/post"}],"author":[{"embeddable":true,"href":"https:\/\/jms.com.bo\/mediamonitor\/wp-json\/wp\/v2\/users\/2"}],"replies":[{"embeddable":true,"href":"https:\/\/jms.com.bo\/mediamonitor\/wp-json\/wp\/v2\/comments?post=75897"}],"version-history":[{"count":0,"href":"https:\/\/jms.com.bo\/mediamonitor\/wp-json\/wp\/v2\/posts\/75897\/revisions"}],"wp:featuredmedia":[{"embeddable":true,"href":"https:\/\/jms.com.bo\/mediamonitor\/wp-json\/wp\/v2\/media\/75898"}],"wp:attachment":[{"href":"https:\/\/jms.com.bo\/mediamonitor\/wp-json\/wp\/v2\/media?parent=75897"}],"wp:term":[{"taxonomy":"category","embeddable":true,"href":"https:\/\/jms.com.bo\/mediamonitor\/wp-json\/wp\/v2\/categories?post=75897"},{"taxonomy":"post_tag","embeddable":true,"href":"https:\/\/jms.com.bo\/mediamonitor\/wp-json\/wp\/v2\/tags?post=75897"}],"curies":[{"name":"wp","href":"https:\/\/api.w.org\/{rel}","templated":true}]}}