{"id":75899,"date":"2025-04-21T07:10:34","date_gmt":"2025-04-21T11:10:34","guid":{"rendered":"https:\/\/jms.com.bo\/mediamonitor\/2025\/04\/21\/presidente-asegura-que-habra-elecciones-este-17-de-agosto-si-o-si\/"},"modified":"2025-04-21T07:10:34","modified_gmt":"2025-04-21T11:10:34","slug":"presidente-asegura-que-habra-elecciones-este-17-de-agosto-si-o-si","status":"publish","type":"post","link":"https:\/\/jms.com.bo\/mediamonitor\/2025\/04\/21\/presidente-asegura-que-habra-elecciones-este-17-de-agosto-si-o-si\/","title":{"rendered":"Presidente asegura que habr\u00e1 elecciones este 17 de agosto \u201cs\u00ed o s\u00ed\u201d"},"content":{"rendered":"<p style=\"text-align: justify;\">El presidente Luis Arce asegur\u00f3 que su Gobierno garantizar\u00e1 la realizaci\u00f3n de las elecciones generales para el 17 de agosto de la presente gesti\u00f3n. Adem\u00e1s, denunci\u00f3 la existencia de \u201cintereses de truncar\u201d los comicios.<\/p>\n<p style=\"text-align: justify;\">\u201cComo Gobierno nacional hemos escuchado al pueblo boliviano y este a\u00f1o s\u00ed o s\u00ed vamos a llevar adelante las elecciones generales\u201d, asegur\u00f3 Arce durante un evento en Guarayos, Santa Cruz donde entreg\u00f3 la unidad educativa Leonardo C\u00e9spedes.<\/p>\n<p style=\"text-align: justify;\">Arce asegur\u00f3 que ha visto \u201cmuchos intereses\u201d de truncar las elecciones para esta gesti\u00f3n, \u201cy tenemos que decirlo con claridad que no compartimos\u201d, asegur\u00f3.<\/p>\n<p style=\"text-align: justify;\">Las declaraciones de la autoridad se dan con relaci\u00f3n a la presentaci\u00f3n de recursos legales ante el Tribunal Constitucional Plurinacional (TCP) que ponen en riesgo las elecciones. Uno de los recursos fue presentado por el diputado del MAS arcista Israel Huaytari que reclama la incorporaci\u00f3n de la paridad de genero en los binomios presidenciales.<\/p>\n<p style=\"text-align: justify;\">\u201cNo comulgamos con compa\u00f1eros asamble\u00edstas y otros que han presentado, entendemos de manera personal, algunas leyes que quieren atribuirnos como Gobierno nacional. Son proyectos que han presentado individualmente y sin ninguna coordinaci\u00f3n, ni con nuestra bancada del MAS-IPSP en la Asamblea Legislativa, ni con el Gobierno Nacional. Son iniciativas muy personales\u201d, asegur\u00f3.<\/p>\n<p style=\"text-align: justify;\">Adem\u00e1s, indic\u00f3 que \u201cque es momento de cambiar a muchos de esos legisladores que hoy no aportan al pueblo boliviano\u201d, indic\u00f3 que no comparte con asamble\u00edstas que trabajan para \u201cintereses de grupo o de una persona en particular\u201d.<\/p>\n<p style=\"text-align: justify;\">\u201cHoy estamos viendo en realidad qui\u00e9nes eran los que nunca quer\u00edan que haya elecciones, lo que quer\u00eda es generar convulsi\u00f3n social en nuestro pa\u00eds\u201d, indic\u00f3.<\/p>\n<p style=\"text-align: justify;\">La segunda demanda que se interpone en los comicios fue presentada el pasado viernes, por parte de la naci\u00f3n quechua Qara Qara que present\u00f3 un recurso de inconstitucionalidad abstracto, en contra de la Ley 1096 de Organizaciones Pol\u00edticas, ante el TCP, mediante el cual pide la medida cautelar de inscripci\u00f3n provisional de sus candidatos, de cara a las elecciones generales de agosto pr\u00f3ximo.<\/p>\n","protected":false},"excerpt":{"rendered":"<p>El presidente Luis Arce asegur\u00f3 que su Gobierno garantizar\u00e1 la realizaci\u00f3n de las elecciones generales para el 17 de agosto de la presente gesti\u00f3n. Adem\u00e1s, denunci\u00f3 la existencia de \u201cintereses de truncar\u201d los comicios. \u201cComo Gobierno nacional hemos escuchado al pueblo boliviano y este a\u00f1o s\u00ed o s\u00ed vamos a llevar adelante las elecciones generales\u201d, [&hellip;]<\/p>\n","protected":false},"author":2,"featured_media":75900,"comment_status":"closed","ping_status":"open","sticky":false,"template":"","format":"standard","meta":{"footnotes":""},"categories":[18],"tags":[],"class_list":{"0":"post-75899","1":"post","2":"type-post","3":"status-publish","4":"format-standard","5":"has-post-thumbnail","7":"category-politica"},"_links":{"self":[{"href":"https:\/\/jms.com.bo\/mediamonitor\/wp-json\/wp\/v2\/posts\/75899","targetHints":{"allow":["GET"]}}],"collection":[{"href":"https:\/\/jms.com.bo\/mediamonitor\/wp-json\/wp\/v2\/posts"}],"about":[{"href":"https:\/\/jms.com.bo\/mediamonitor\/wp-json\/wp\/v2\/types\/post"}],"author":[{"embeddable":true,"href":"https:\/\/jms.com.bo\/mediamonitor\/wp-json\/wp\/v2\/users\/2"}],"replies":[{"embeddable":true,"href":"https:\/\/jms.com.bo\/mediamonitor\/wp-json\/wp\/v2\/comments?post=75899"}],"version-history":[{"count":0,"href":"https:\/\/jms.com.bo\/mediamonitor\/wp-json\/wp\/v2\/posts\/75899\/revisions"}],"wp:featuredmedia":[{"embeddable":true,"href":"https:\/\/jms.com.bo\/mediamonitor\/wp-json\/wp\/v2\/media\/75900"}],"wp:attachment":[{"href":"https:\/\/jms.com.bo\/mediamonitor\/wp-json\/wp\/v2\/media?parent=75899"}],"wp:term":[{"taxonomy":"category","embeddable":true,"href":"https:\/\/jms.com.bo\/mediamonitor\/wp-json\/wp\/v2\/categories?post=75899"},{"taxonomy":"post_tag","embeddable":true,"href":"https:\/\/jms.com.bo\/mediamonitor\/wp-json\/wp\/v2\/tags?post=75899"}],"curies":[{"name":"wp","href":"https:\/\/api.w.org\/{rel}","templated":true}]}}