{"id":75915,"date":"2025-04-21T07:35:06","date_gmt":"2025-04-21T11:35:06","guid":{"rendered":"https:\/\/jms.com.bo\/mediamonitor\/2025\/04\/21\/detienen-un-camion-con-2400-litros-de-diesel-que-iba-a-la-mineria-ilegal\/"},"modified":"2025-04-21T07:45:33","modified_gmt":"2025-04-21T11:45:33","slug":"detienen-un-camion-con-2400-litros-de-diesel-que-iba-a-la-mineria-ilegal","status":"publish","type":"post","link":"https:\/\/jms.com.bo\/mediamonitor\/2025\/04\/21\/detienen-un-camion-con-2400-litros-de-diesel-que-iba-a-la-mineria-ilegal\/","title":{"rendered":"Detienen un cami\u00f3n con 2,400 litros de di\u00e9sel que iba a la miner\u00eda ilegal"},"content":{"rendered":"<p style=\"text-align: justify;\">Un operativo detect\u00f3 y detuvo a un cami\u00f3n que transportaba de forma ilegal 12 turriles con 2.400 litros de di\u00e9sel, presumiblemente, destinados a la miner\u00eda ilegal en el norte de La Paz, inform\u00f3 el comandante departamental de la Polic\u00eda de La Paz, Gunter Agudo.<\/p>\n<p style=\"text-align: justify;\">\u201cEn horas de la tarde del viernes, en el ingreso a la carretera a Guanay (norte de La Paz), se ha procedido a la intervenci\u00f3n de un veh\u00edculo tipo cami\u00f3n que transportaba una cantidad de 12 turriles con 2.400 litros de di\u00e9sel\u201d, explic\u00f3.<\/p>\n<p style=\"text-align: justify;\">El veh\u00edculo y el di\u00e9sel han sido trasladados a un regimiento para su resguardo y puesta a conocimiento del Ministerio P\u00fablico.<\/p>\n<p style=\"text-align: justify;\">\u201cSobre la base de lo que se ha podido investigar, preliminarmente, este combustible estaba siendo desviado a la miner\u00eda ilegal\u201d, asegur\u00f3.<\/p>\n<p style=\"text-align: justify;\">El operativo fue realizado por personal de la Jefatura Policial de Caranavi y de la Agencia Nacional de Hidrocarburos (ANH), que viene realizando control en diferentes carreteras para detectar actividades de contrabando de combustible.<\/p>\n","protected":false},"excerpt":{"rendered":"<p>Un operativo detect\u00f3 y detuvo a un cami\u00f3n que transportaba de forma ilegal 12 turriles con 2.400 litros de di\u00e9sel, presumiblemente, destinados a la miner\u00eda ilegal en el norte de La Paz, inform\u00f3 el comandante departamental de la Polic\u00eda de La Paz, Gunter Agudo. \u201cEn horas de la tarde del viernes, en el ingreso a [&hellip;]<\/p>\n","protected":false},"author":2,"featured_media":75921,"comment_status":"closed","ping_status":"open","sticky":false,"template":"","format":"standard","meta":{"footnotes":""},"categories":[1],"tags":[],"class_list":{"0":"post-75915","1":"post","2":"type-post","3":"status-publish","4":"format-standard","5":"has-post-thumbnail","7":"category-uncategorized"},"_links":{"self":[{"href":"https:\/\/jms.com.bo\/mediamonitor\/wp-json\/wp\/v2\/posts\/75915","targetHints":{"allow":["GET"]}}],"collection":[{"href":"https:\/\/jms.com.bo\/mediamonitor\/wp-json\/wp\/v2\/posts"}],"about":[{"href":"https:\/\/jms.com.bo\/mediamonitor\/wp-json\/wp\/v2\/types\/post"}],"author":[{"embeddable":true,"href":"https:\/\/jms.com.bo\/mediamonitor\/wp-json\/wp\/v2\/users\/2"}],"replies":[{"embeddable":true,"href":"https:\/\/jms.com.bo\/mediamonitor\/wp-json\/wp\/v2\/comments?post=75915"}],"version-history":[{"count":1,"href":"https:\/\/jms.com.bo\/mediamonitor\/wp-json\/wp\/v2\/posts\/75915\/revisions"}],"predecessor-version":[{"id":75920,"href":"https:\/\/jms.com.bo\/mediamonitor\/wp-json\/wp\/v2\/posts\/75915\/revisions\/75920"}],"wp:featuredmedia":[{"embeddable":true,"href":"https:\/\/jms.com.bo\/mediamonitor\/wp-json\/wp\/v2\/media\/75921"}],"wp:attachment":[{"href":"https:\/\/jms.com.bo\/mediamonitor\/wp-json\/wp\/v2\/media?parent=75915"}],"wp:term":[{"taxonomy":"category","embeddable":true,"href":"https:\/\/jms.com.bo\/mediamonitor\/wp-json\/wp\/v2\/categories?post=75915"},{"taxonomy":"post_tag","embeddable":true,"href":"https:\/\/jms.com.bo\/mediamonitor\/wp-json\/wp\/v2\/tags?post=75915"}],"curies":[{"name":"wp","href":"https:\/\/api.w.org\/{rel}","templated":true}]}}