{"id":75924,"date":"2025-04-22T06:36:10","date_gmt":"2025-04-22T10:36:10","guid":{"rendered":"https:\/\/jms.com.bo\/mediamonitor\/2025\/04\/22\/el-iniaf-ensaya-cultivos-de-cafe-en-terrenos-sin-deforestacion\/"},"modified":"2025-04-22T06:36:10","modified_gmt":"2025-04-22T10:36:10","slug":"el-iniaf-ensaya-cultivos-de-cafe-en-terrenos-sin-deforestacion","status":"publish","type":"post","link":"https:\/\/jms.com.bo\/mediamonitor\/2025\/04\/22\/el-iniaf-ensaya-cultivos-de-cafe-en-terrenos-sin-deforestacion\/","title":{"rendered":"El Iniaf ensaya cultivos de caf\u00e9 en terrenos sin deforestaci\u00f3n"},"content":{"rendered":"<p style=\"text-align: justify;\">El Instituto Nacional de Innovaci\u00f3n Agropecuaria y Forestal (Iniaf) inici\u00f3 la instalaci\u00f3n de un ensayo agron\u00f3mico en una parcela de caf\u00e9 en sombra parcial y terreno sin deforestaci\u00f3n en la comunidad de San Pablo, del municipio de Caranavi, en La Paz.<\/p>\n<p style=\"text-align: justify;\">El ensayo se realiza en el marco del proyecto Caf\u00e9 KoLFACI, con apoyo del Centro Agron\u00f3mico Tropical de Investigaci\u00f3n y Ense\u00f1anza (CATIE).<\/p>\n<p style=\"text-align: justify;\">A trav\u00e9s del proyecto KoLFACI, el Iniaf impulsa la investigaci\u00f3n y el mejoramiento de variedades de caf\u00e9 adaptadas a las nuevas condiciones clim\u00e1ticas.<\/p>\n<p style=\"text-align: justify;\">Los beneficiarios son j\u00f3venes emprendedores dedicados a la caficultura en la comunidad San Pablo, municipio de Caranavi, departamento de La Paz.<\/p>\n<p style=\"text-align: justify;\">El objetivo es proporcionar capacitaci\u00f3n a los productores locales en t\u00e9cnicas de manejo agron\u00f3mico, adem\u00e1s de promover la adopci\u00f3n de pr\u00e1cticas sostenibles en la gesti\u00f3n de la parcela de caf\u00e9, explica un reporte institucional.<\/p>\n<p style=\"text-align: justify;\">Asimismo, se inform\u00f3 que este cafetal se denomina Establecimiento de Cafetales en Sombra Parcial con Diversas Especies Arb\u00f3reas y Manejo Agron\u00f3mico Sostenible sin Deforestaci\u00f3n de \u00c1rboles Madurados.<\/p>\n<p style=\"text-align: justify;\">La implementaci\u00f3n de esta parcela de ensayo requerir\u00e1 tiempo para recopilar datos, hasta que se logre obtener la cosecha y evaluar la calidad del grano.<\/p>\n<p style=\"text-align: justify;\">Esto permitir\u00e1 tambi\u00e9n que los caficultores bolivianos cuenten con plantas m\u00e1s resistentes y productivas, esenciales para enfrentar los desaf\u00edos del cambio clim\u00e1tico y las enfermedades que afectan la producci\u00f3n.<\/p>\n","protected":false},"excerpt":{"rendered":"<p>El Instituto Nacional de Innovaci\u00f3n Agropecuaria y Forestal (Iniaf) inici\u00f3 la instalaci\u00f3n de un ensayo agron\u00f3mico en una parcela de caf\u00e9 en sombra parcial y terreno sin deforestaci\u00f3n en la comunidad de San Pablo, del municipio de Caranavi, en La Paz. El ensayo se realiza en el marco del proyecto Caf\u00e9 KoLFACI, con apoyo del [&hellip;]<\/p>\n","protected":false},"author":2,"featured_media":7062,"comment_status":"closed","ping_status":"open","sticky":false,"template":"","format":"standard","meta":{"footnotes":""},"categories":[57],"tags":[],"class_list":{"0":"post-75924","1":"post","2":"type-post","3":"status-publish","4":"format-standard","5":"has-post-thumbnail","7":"category-alimentos-y-agroindustria"},"_links":{"self":[{"href":"https:\/\/jms.com.bo\/mediamonitor\/wp-json\/wp\/v2\/posts\/75924","targetHints":{"allow":["GET"]}}],"collection":[{"href":"https:\/\/jms.com.bo\/mediamonitor\/wp-json\/wp\/v2\/posts"}],"about":[{"href":"https:\/\/jms.com.bo\/mediamonitor\/wp-json\/wp\/v2\/types\/post"}],"author":[{"embeddable":true,"href":"https:\/\/jms.com.bo\/mediamonitor\/wp-json\/wp\/v2\/users\/2"}],"replies":[{"embeddable":true,"href":"https:\/\/jms.com.bo\/mediamonitor\/wp-json\/wp\/v2\/comments?post=75924"}],"version-history":[{"count":0,"href":"https:\/\/jms.com.bo\/mediamonitor\/wp-json\/wp\/v2\/posts\/75924\/revisions"}],"wp:featuredmedia":[{"embeddable":true,"href":"https:\/\/jms.com.bo\/mediamonitor\/wp-json\/wp\/v2\/media\/7062"}],"wp:attachment":[{"href":"https:\/\/jms.com.bo\/mediamonitor\/wp-json\/wp\/v2\/media?parent=75924"}],"wp:term":[{"taxonomy":"category","embeddable":true,"href":"https:\/\/jms.com.bo\/mediamonitor\/wp-json\/wp\/v2\/categories?post=75924"},{"taxonomy":"post_tag","embeddable":true,"href":"https:\/\/jms.com.bo\/mediamonitor\/wp-json\/wp\/v2\/tags?post=75924"}],"curies":[{"name":"wp","href":"https:\/\/api.w.org\/{rel}","templated":true}]}}