{"id":75925,"date":"2025-04-22T06:39:52","date_gmt":"2025-04-22T10:39:52","guid":{"rendered":"https:\/\/jms.com.bo\/mediamonitor\/2025\/04\/22\/maestros-protestan-en-la-paz-y-retienen-a-un-funcionario-para-intercambiarlo-por-un-profesor\/"},"modified":"2025-04-22T06:39:52","modified_gmt":"2025-04-22T10:39:52","slug":"maestros-protestan-en-la-paz-y-retienen-a-un-funcionario-para-intercambiarlo-por-un-profesor","status":"publish","type":"post","link":"https:\/\/jms.com.bo\/mediamonitor\/2025\/04\/22\/maestros-protestan-en-la-paz-y-retienen-a-un-funcionario-para-intercambiarlo-por-un-profesor\/","title":{"rendered":"Maestros protestan en La Paz y retienen a un funcionario para intercambiarlo por un profesor"},"content":{"rendered":"<p style=\"text-align: justify;\">Una marcha del magisterio urbano ocup\u00f3 la ma\u00f1ana de este lunes calles centrales de La Paz para exigir un incremento del presupuesto destinado a la educaci\u00f3n y mejoras salariales para los profesores. Se registraron amagues de enfrentamiento, y un grupo de docentes retuvo a un funcionario del Ministerio de Educaci\u00f3n con el objetivo de intercambiarlo por un profesor aprehendido.<\/p>\n<p style=\"text-align: justify;\">\u201cNosotros estamos exigiendo mayor presupuesto para educaci\u00f3n, ya que a\u00f1o tras a\u00f1o lamentablemente esta responsabilidad suprema del Estado se va recargando espaldas de la educaci\u00f3n. Estamos hablando miles y miles de maestros que sufren esto y por otro lado estamos pidiendo el aumento salarial sea de acuerdo a los costos que han subido de los productos de primera necesidad\u201d, indic\u00f3 la secretaria ejecutiva de la Federaci\u00f3n de Trabajadores de Educaci\u00f3n Urbana de Bolivia, Miriam Atala, a Br\u00fajula Digital.<\/p>\n<p style=\"text-align: justify;\">La movilizaci\u00f3n comenz\u00f3 a las 09:00 de este lunes con la participaci\u00f3n de representantes de las 31 delegaciones de los nueve departamentos, inform\u00f3 Atala.<\/p>\n<p style=\"text-align: justify;\">\u201cEn esta marcha han llegado delegaciones de las 31 federaciones de los nueve departamentos, provincias y otras regiones. Est\u00e1n m\u00e1s de 2 mil marchistas\u201d, resalt\u00f3 la dirigenta.<\/p>\n<p style=\"text-align: justify;\">Advirti\u00f3 que, si las autoridades no atienden sus demandas, las medidas de presi\u00f3n se intensificar\u00e1n en los pr\u00f3ximos d\u00edas.<\/p>\n<p style=\"text-align: justify;\">\u201cNosotros vamos a endurecer las medidas, desde marchas nacionales, cierre de fronteras, huelgas de hambre y paros a nivel nacional. Vamos a suspender las clases a nivel nacional\u201d, indic\u00f3.<\/p>\n<p style=\"text-align: justify;\">Funcionario retenido<\/p>\n<p style=\"text-align: justify;\">Pasado el mediod\u00eda, los profesores llegaron a inmediaciones del Ministerio de Educaci\u00f3n, sobre la avenida Arce, donde fueron gasificados por efectivos policiales. Durante el amague de enfrentamiento, un maestro de Chuquisaca fue detenido por polic\u00edas que lo ingresaron a las oficinas de la cartera gubernamental.<\/p>\n<p style=\"text-align: justify;\">En respuesta, los docentes realizaron un mitin en el lugar y retuvieron a un funcionario del Ministerio de Educaci\u00f3n para exigir el intercambio por el profesor arrestado. A las 13:00, el trabajador permanec\u00eda retenido.<\/p>\n<p style=\"text-align: justify;\">En im\u00e1genes captadas por Br\u00fajula Digital, los manifestantes exigieron al funcionario que mostrara su credencial o c\u00e9dula de identidad. Al negarse a identificarse, fue obligado a entregar su credencial laboral. Con ella en mano, los marchistas exigieron concretar el intercambio.<\/p>\n<p style=\"text-align: justify;\">\u201c\u00a1Intercambio, intercambio, intercambio!\u201d, gritaban los movilizados en cercan\u00edas al Ministerio de Educaci\u00f3n.<\/p>\n<p style=\"text-align: justify;\">El secretario ejecutivo departamental de los maestros urbanos de Santa Cruz, Osmar Cabrera, explic\u00f3 que el arresto del profesor ocurri\u00f3 cuando la marcha fue reprimida con gases por la Polic\u00eda.<\/p>\n<p style=\"text-align: justify;\">\u00abHemos sido recibidos con gases y balines y aqu\u00ed tenemos un colega que ha sido detenido. Salen del Ministerio (de Educaci\u00f3n), nos toman fotos, lo identificamos y lo hemos agarrado y pedimos un intercambio para nuestro colega y que pueda recuperar su libertad y nosotros inmediatamente liberamos al funcionario que tenemos ac\u00e1\u00bb, indic\u00f3 Cabrera a Br\u00fajula Digital<\/p>\n<p style=\"text-align: justify;\">El comandante departamental de la Polic\u00eda de La Paz, Gunther Agudo, denunci\u00f3 que durante la marcha del magisterio, los manifestantes agredieron a efectivos de la instituci\u00f3n y causaron destrozos en los alrededores del Ministerio de Educaci\u00f3n.<\/p>\n","protected":false},"excerpt":{"rendered":"<p>Una marcha del magisterio urbano ocup\u00f3 la ma\u00f1ana de este lunes calles centrales de La Paz para exigir un incremento del presupuesto destinado a la educaci\u00f3n y mejoras salariales para los profesores. Se registraron amagues de enfrentamiento, y un grupo de docentes retuvo a un funcionario del Ministerio de Educaci\u00f3n con el objetivo de intercambiarlo [&hellip;]<\/p>\n","protected":false},"author":2,"featured_media":75926,"comment_status":"closed","ping_status":"open","sticky":false,"template":"","format":"standard","meta":{"footnotes":""},"categories":[49],"tags":[],"class_list":{"0":"post-75925","1":"post","2":"type-post","3":"status-publish","4":"format-standard","5":"has-post-thumbnail","7":"category-social"},"_links":{"self":[{"href":"https:\/\/jms.com.bo\/mediamonitor\/wp-json\/wp\/v2\/posts\/75925","targetHints":{"allow":["GET"]}}],"collection":[{"href":"https:\/\/jms.com.bo\/mediamonitor\/wp-json\/wp\/v2\/posts"}],"about":[{"href":"https:\/\/jms.com.bo\/mediamonitor\/wp-json\/wp\/v2\/types\/post"}],"author":[{"embeddable":true,"href":"https:\/\/jms.com.bo\/mediamonitor\/wp-json\/wp\/v2\/users\/2"}],"replies":[{"embeddable":true,"href":"https:\/\/jms.com.bo\/mediamonitor\/wp-json\/wp\/v2\/comments?post=75925"}],"version-history":[{"count":0,"href":"https:\/\/jms.com.bo\/mediamonitor\/wp-json\/wp\/v2\/posts\/75925\/revisions"}],"wp:featuredmedia":[{"embeddable":true,"href":"https:\/\/jms.com.bo\/mediamonitor\/wp-json\/wp\/v2\/media\/75926"}],"wp:attachment":[{"href":"https:\/\/jms.com.bo\/mediamonitor\/wp-json\/wp\/v2\/media?parent=75925"}],"wp:term":[{"taxonomy":"category","embeddable":true,"href":"https:\/\/jms.com.bo\/mediamonitor\/wp-json\/wp\/v2\/categories?post=75925"},{"taxonomy":"post_tag","embeddable":true,"href":"https:\/\/jms.com.bo\/mediamonitor\/wp-json\/wp\/v2\/tags?post=75925"}],"curies":[{"name":"wp","href":"https:\/\/api.w.org\/{rel}","templated":true}]}}