{"id":75927,"date":"2025-04-22T06:42:27","date_gmt":"2025-04-22T10:42:27","guid":{"rendered":"https:\/\/jms.com.bo\/mediamonitor\/2025\/04\/22\/maestros-movilizados-por-mas-presupuesto-items-y-jubilacion\/"},"modified":"2025-04-22T06:42:27","modified_gmt":"2025-04-22T10:42:27","slug":"maestros-movilizados-por-mas-presupuesto-items-y-jubilacion","status":"publish","type":"post","link":"https:\/\/jms.com.bo\/mediamonitor\/2025\/04\/22\/maestros-movilizados-por-mas-presupuesto-items-y-jubilacion\/","title":{"rendered":"Maestros movilizados por m\u00e1s presupuesto, \u00edtems y jubilaci\u00f3n"},"content":{"rendered":"<p style=\"text-align: justify;\">La tensi\u00f3n entre el Magisterio Urbano y el Gobierno central escal\u00f3 este lunes, luego de que una marcha convocada por la Confederaci\u00f3n Nacional de Trabajadores de Educaci\u00f3n Urbana de Bolivia (CTEUB) fuera reprimida por efectivos policiales en el centro de la ciudad de La Paz. La intervenci\u00f3n dej\u00f3 un saldo de al menos dos docentes arrestados y un polic\u00eda herido, mientras el conflicto se profundiza con el anuncio de nuevas medidas de presi\u00f3n a nivel nacional a partir del mi\u00e9rcoles 23 de abril. Las principales demandas tienen que ver con m\u00e1s presupuesto para educaci\u00f3n, m\u00e1s \u00edtems y jubilaci\u00f3n con el 100% del salario que perciben, entre otras.<\/p>\n<p style=\"text-align: justify;\">La jornada estuvo marcada por enfrentamientos, gases lacrim\u00f3genos, petardos y acusaciones cruzadas entre los movilizados y la Polic\u00eda. La protesta comenz\u00f3 en horas de la ma\u00f1ana en inmediaciones del puente de la Cervecer\u00eda Boliviana Nacional (CBN) y se desplaz\u00f3 por diferentes arterias hasta llegar a la avenida Arce, donde los docentes intentaron llegar a las instalaciones del Ministerio de Educaci\u00f3n para exigir atenci\u00f3n a su pliego petitorio. Sin embargo, un fuerte contingente policial les cerr\u00f3 el paso, lo que deriv\u00f3 en incidentes que elevaron la tensi\u00f3n.<\/p>\n<p style=\"text-align: justify;\">Arrestos, heridos y denuncias<\/p>\n<p style=\"text-align: justify;\">Seg\u00fan informaci\u00f3n oficial del Comando Departamental de la Polic\u00eda en La Paz, el conflicto se agudiz\u00f3 cuando un grupo de maestros retuvo a un funcionario del Ministerio de Educaci\u00f3n y presuntamente intent\u00f3 trasladarlo a su sede. Ante este hecho, el comandante Gunther Agudo orden\u00f3 la intervenci\u00f3n inmediata, argumentando la necesidad de proteger la integridad del trabajador estatal.<\/p>\n<p style=\"text-align: justify;\">\u00abEstaban utilizando petardos de manera directa contra los funcionarios policiales. Un efectivo policial ser\u00e1 evacuado a un centro m\u00e9dico ya que tiene una herida en uno de sus brazos\u00bb, detall\u00f3 la autoridad policial.<\/p>\n<p style=\"text-align: justify;\">Movilizaciones El Magisterio Urbano anunci\u00f3 que a partir del mi\u00e9rcoles 23 de abril se realizar\u00e1n movilizaciones en todo el pa\u00eds<br \/>\nComo resultado del operativo, dos docentes \u2014uno proveniente de Chuquisaca y otro de Santa Cruz\u2014 fueron detenidos, hecho que gener\u00f3 mayor molestia entre los manifestantes, quienes en la tarde retomaron sus recorridos por el centro pace\u00f1o exigiendo la liberaci\u00f3n de sus compa\u00f1eros y respuestas concretas al pliego petitorio que ya fue presentado al Ministerio.<\/p>\n<p style=\"text-align: justify;\">\u201cNosotros no tendr\u00edamos que estar en las calles pidiendo \u00edtems, pidiendo el pago de horas d\u00e9ficit hist\u00f3ricas, horas que trabajan los maestros de manera gratuita en muchas de las unidades educativas, en otras unidades los pap\u00e1s asumen el pago, y nosotros entendemos que esta es una responsabilidad del Gobierno\u201d, se\u00f1al\u00f3 la ejecutiva de la Federaci\u00f3n de Maestros Urbanos de Tarija, Irma R\u00edos.<\/p>\n<p style=\"text-align: justify;\">Asimismo lament\u00f3 que el Ministerio de Educaci\u00f3n los haya recibido con gases. Adem\u00e1s, de detener a dos dirigentes. Ante esa situaci\u00f3n, la CETUB se\u00f1al\u00f3 que si el Gobierno quiere di\u00e1logo, primero deber\u00e1 liberar a los maestros.<\/p>\n<p style=\"text-align: justify;\">Un conflicto que escala<\/p>\n<p style=\"text-align: justify;\">La movilizaci\u00f3n fue respaldada por las 31 federaciones que integran la CTEUB, lo que demuestra que el conflicto ya no est\u00e1 restringido a una sola regi\u00f3n, sino que ha adquirido un car\u00e1cter nacional. Entre sus demandas principales figuran la dotaci\u00f3n de m\u00e1s \u00edtems para el sistema educativo, mejoras salariales, la nivelaci\u00f3n de horas trabajadas y remuneradas, mayor presupuesto para la educaci\u00f3n p\u00fablica, y la jubilaci\u00f3n con el 100% del salario, una vieja bandera del sector.<\/p>\n<p style=\"text-align: justify;\">El dirigente nacional Wilfredo Ajllahuanca reiter\u00f3 que el pliego presentado tiene un car\u00e1cter estructural y no puede ser desestimado por el Gobierno con argumentos administrativos. \u00abEstamos luchando por condiciones dignas de trabajo y por el derecho de nuestros estudiantes a una educaci\u00f3n de calidad. No vamos a retroceder frente a la represi\u00f3n\u00bb, afirm\u00f3.<\/p>\n<p style=\"text-align: justify;\">A su turno, R\u00edos detall\u00f3 que es necesario asignar mayor presupuesto, ya que a nivel nacional existe una falta de \u00edtems de nueva creaci\u00f3n, y esto est\u00e1 ocasionando que el Gobierno tenga que cerrar algunas unidades educativas o cursos, para abrir otros.<\/p>\n<p style=\"text-align: justify;\">R\u00edos indic\u00f3 que otra de las demandas, es la mala atenci\u00f3n en la Caja Nacional de Salud (CNS), se\u00f1al\u00f3 que esa instituci\u00f3n carece de medicamentos, se debe mendigar por fichas de atenci\u00f3n, y escasean los m\u00e9dicos especialistas.<\/p>\n<p style=\"text-align: justify;\">\u201cEn nuestro primer d\u00eda de movilizaci\u00f3n los polic\u00edas nos han gasificado, pateado, golpeado, esa es la forma de actuar del Gobierno y no le gusta que le digan sus verdades. Ellos han minimizado nuestras protestas, cuando deber\u00edan agilizar las soluciones, nosotros vamos a radicalizar d\u00eda tras d\u00eda las protestas en La Paz, (\u2026) las marchas el d\u00eda mi\u00e9rcoles es a nivel nacional, ya ha salido el instructivo para que se movilicen las 31 federaciones de toda Bolivia\u201d, se\u00f1al\u00f3.<\/p>\n<p style=\"text-align: justify;\">Veliz: \u201cEst\u00e1n tomando malas decisiones\u201d<\/p>\n<p style=\"text-align: justify;\">El ministro de Educaci\u00f3n, Omar Veliz, minimiz\u00f3 la protesta y cuestion\u00f3 su pertinencia en momentos en que, seg\u00fan \u00e9l, el di\u00e1logo sigue abierto. Se\u00f1al\u00f3 que el Magisterio est\u00e1 tomando malas decisiones. \u201cNo es nada bueno movilizarse cuando le estamos indicando que vamos a continuar avanzando (en las negociaciones). Yo les indico que est\u00e1n tomando malas decisiones\u201d, se\u00f1al\u00f3.<\/p>\n<p style=\"text-align: justify;\">\u201cSi yo dejo mi suplente por ir a una marcha, no es l\u00f3gico, eso no se ajusta en ninguna parte del reglamento de faltas y sanciones. Ellos est\u00e1n conscientes a qu\u00e9 van a entrar y movilizarse, marchar cuando el di\u00e1logo est\u00e1 abierto, no tiene sentido. Eso es perjudicar, generar frustraci\u00f3n en el orden social de La Paz\u201d, manifest\u00f3 el Ministro, que adelant\u00f3 posibles sanciones para miembros del Magisterio.<\/p>\n","protected":false},"excerpt":{"rendered":"<p>La tensi\u00f3n entre el Magisterio Urbano y el Gobierno central escal\u00f3 este lunes, luego de que una marcha convocada por la Confederaci\u00f3n Nacional de Trabajadores de Educaci\u00f3n Urbana de Bolivia (CTEUB) fuera reprimida por efectivos policiales en el centro de la ciudad de La Paz. La intervenci\u00f3n dej\u00f3 un saldo de al menos dos docentes [&hellip;]<\/p>\n","protected":false},"author":2,"featured_media":75928,"comment_status":"closed","ping_status":"open","sticky":false,"template":"","format":"standard","meta":{"footnotes":""},"categories":[49],"tags":[],"class_list":{"0":"post-75927","1":"post","2":"type-post","3":"status-publish","4":"format-standard","5":"has-post-thumbnail","7":"category-social"},"_links":{"self":[{"href":"https:\/\/jms.com.bo\/mediamonitor\/wp-json\/wp\/v2\/posts\/75927","targetHints":{"allow":["GET"]}}],"collection":[{"href":"https:\/\/jms.com.bo\/mediamonitor\/wp-json\/wp\/v2\/posts"}],"about":[{"href":"https:\/\/jms.com.bo\/mediamonitor\/wp-json\/wp\/v2\/types\/post"}],"author":[{"embeddable":true,"href":"https:\/\/jms.com.bo\/mediamonitor\/wp-json\/wp\/v2\/users\/2"}],"replies":[{"embeddable":true,"href":"https:\/\/jms.com.bo\/mediamonitor\/wp-json\/wp\/v2\/comments?post=75927"}],"version-history":[{"count":0,"href":"https:\/\/jms.com.bo\/mediamonitor\/wp-json\/wp\/v2\/posts\/75927\/revisions"}],"wp:featuredmedia":[{"embeddable":true,"href":"https:\/\/jms.com.bo\/mediamonitor\/wp-json\/wp\/v2\/media\/75928"}],"wp:attachment":[{"href":"https:\/\/jms.com.bo\/mediamonitor\/wp-json\/wp\/v2\/media?parent=75927"}],"wp:term":[{"taxonomy":"category","embeddable":true,"href":"https:\/\/jms.com.bo\/mediamonitor\/wp-json\/wp\/v2\/categories?post=75927"},{"taxonomy":"post_tag","embeddable":true,"href":"https:\/\/jms.com.bo\/mediamonitor\/wp-json\/wp\/v2\/tags?post=75927"}],"curies":[{"name":"wp","href":"https:\/\/api.w.org\/{rel}","templated":true}]}}