{"id":75938,"date":"2025-04-22T07:03:27","date_gmt":"2025-04-22T11:03:27","guid":{"rendered":"https:\/\/jms.com.bo\/mediamonitor\/2025\/04\/22\/lo-que-callan-los-politicos-impuestos-derechos-y-energias\/"},"modified":"2025-04-22T07:03:27","modified_gmt":"2025-04-22T11:03:27","slug":"lo-que-callan-los-politicos-impuestos-derechos-y-energias","status":"publish","type":"post","link":"https:\/\/jms.com.bo\/mediamonitor\/2025\/04\/22\/lo-que-callan-los-politicos-impuestos-derechos-y-energias\/","title":{"rendered":"Lo que callan los pol\u00edticos: impuestos, derechos y energ\u00edas"},"content":{"rendered":"<p style=\"text-align: justify;\">La Raz\u00f3n Plus lanza un ciclo en Piedra, Papel y Tinta para debatir temas ausentes en el discurso pol\u00edtico y las propuestas electorales. En esta primer entrega, tres expertos ponen sobre la mesa de discusi\u00f3n temas que son necesarios que sean incluidos en las propuestas electorales.<\/p>\n<p style=\"text-align: justify;\">En un contexto preelectoral marcado por la incertidumbre econ\u00f3mica y pol\u00edtica, tres reconocidos especialistas coincidieron en la necesidad de que los candidatos presidenciales presenten propuestas concretas sobre tres pilares fundamentales: la transici\u00f3n energ\u00e9tica, la reforma tributaria y la protecci\u00f3n de los derechos humanos. La entrevista realizada por el periodista Diego Monta\u00f1o reuni\u00f3 a Francesco Zaratti, f\u00edsico e investigador; Ver\u00f3nica Rocha, comunicadora y analista pol\u00edtica; y Mauricio Viscarra, abogado tributarista, quienes advirtieron sobre el vac\u00edo program\u00e1tico que domina el escenario pol\u00edtico boliviano.<\/p>\n<p style=\"text-align: justify;\">La energ\u00eda, entre la crisis del gas y la transici\u00f3n pendiente<\/p>\n<p style=\"text-align: justify;\">Francesco Zaratti fue contundente al se\u00f1alar que \u00absin energ\u00eda, la econom\u00eda no funciona\u00bb. Record\u00f3 que Bolivia pas\u00f3 de ser un pa\u00eds exportador de hidrocarburos a convertirse en un importador neto, lo que ha agudizado la presi\u00f3n sobre las reservas internacionales y ha contribuido al alza de precios. Zaratti llam\u00f3 a una transici\u00f3n energ\u00e9tica urgente que aproveche fuentes como la energ\u00eda solar, e\u00f3lica, hidroel\u00e9ctrica y geot\u00e9rmica, y exigi\u00f3 la apertura al capital privado para suplir la incapacidad estatal de inversi\u00f3n. Tambi\u00e9n advirti\u00f3 que el litio, lejos de ser una soluci\u00f3n inmediata, enfrenta limitaciones t\u00e9cnicas, clim\u00e1ticas y log\u00edsticas que encarecen su producci\u00f3n.<\/p>\n<p style=\"text-align: justify;\">Derechos humanos: entre la erosi\u00f3n democr\u00e1tica y la precariedad institucional<br \/>\nVer\u00f3nica Rocha lament\u00f3 que los derechos humanos sigan fuera del debate electoral, pese a la evidente erosi\u00f3n democr\u00e1tica que atraviesa el pa\u00eds. \u201cLa democracia boliviana est\u00e1 muy debilitada y sin una base institucional s\u00f3lida, no se pueden garantizar los derechos civiles, pol\u00edticos y econ\u00f3micos\u201d, afirm\u00f3. Rocha insisti\u00f3 en que es imprescindible asegurar derechos m\u00ednimos como salud, educaci\u00f3n y alimentaci\u00f3n, especialmente en un contexto de crisis fiscal. Critic\u00f3 la ausencia de propuestas integrales y alert\u00f3 sobre el desfase entre la Constituci\u00f3n garantista y los presupuestos locales y departamentales.<\/p>\n<p style=\"text-align: justify;\">Un sistema tributario que asfixia al formal y premia la informalidad<br \/>\nPara Mauricio Viscarra, el sistema tributario boliviano necesita una reforma estructural que ampl\u00ede la base de contribuyentes y reduzca la carga impositiva. \u201cHoy el 15% de la econom\u00eda formal sostiene una presi\u00f3n fiscal del 23,7%, mientras la informalidad supera el 80%\u201d, explic\u00f3, citando un estudio de la Organizaci\u00f3n para la Cooperaci\u00f3n y el Desarrollo Econ\u00f3micos (OCDE). Propuso eliminar impuestos como el Impuesto a las Transacciones (IT), reducir el Impuesto al Valor Agregado (IVA) y fusionar Impuestos Nacionales con la Aduana para mejorar la eficiencia. Viscarra tambi\u00e9n denunci\u00f3 pr\u00e1cticas fiscales abusivas y la falta de institucionalidad, lo que desalienta la inversi\u00f3n y empuja a m\u00e1s contribuyentes hacia la informalidad.<\/p>\n<p style=\"text-align: justify;\">Una agenda electoral sin respuestas estructurales<\/p>\n<p style=\"text-align: justify;\">Los tres expertos coincidieron en que el pa\u00eds enfrenta desaf\u00edos estructurales que deben ser abordados desde la pol\u00edtica con propuestas viables y sostenidas. Lamentaron que la mayor\u00eda de los candidatos se centre en disputas partidarias y no en soluciones a los problemas de fondo. Zaratti habl\u00f3 de una necesaria diversificaci\u00f3n de la producci\u00f3n de energ\u00edas; Rocha insisti\u00f3 en la urgencia de recomponer el tejido democr\u00e1tico e institucional para velar por los derechos humanos; y Viscarra remarc\u00f3 que sin justicia en el pago de impuestos, no se puede hablar de derechos ni de desarrollo.<\/p>\n<p style=\"text-align: justify;\">Conclusi\u00f3n: una invitaci\u00f3n al debate con propuestas<\/p>\n<p style=\"text-align: justify;\">A un a\u00f1o de las elecciones, expertos piden debatir temas ignorados como transici\u00f3n energ\u00e9tica, institucionalidad democr\u00e1tica y reforma fiscal en las propuestas presidenciales. Sin respuestas claras a estos desaf\u00edos, advirtieron, el pa\u00eds corre el riesgo de profundizar su crisis estructural.<\/p>\n","protected":false},"excerpt":{"rendered":"<p>La Raz\u00f3n Plus lanza un ciclo en Piedra, Papel y Tinta para debatir temas ausentes en el discurso pol\u00edtico y las propuestas electorales. En esta primer entrega, tres expertos ponen sobre la mesa de discusi\u00f3n temas que son necesarios que sean incluidos en las propuestas electorales. En un contexto preelectoral marcado por la incertidumbre econ\u00f3mica [&hellip;]<\/p>\n","protected":false},"author":2,"featured_media":16228,"comment_status":"closed","ping_status":"open","sticky":false,"template":"","format":"standard","meta":{"footnotes":""},"categories":[18],"tags":[],"class_list":{"0":"post-75938","1":"post","2":"type-post","3":"status-publish","4":"format-standard","5":"has-post-thumbnail","7":"category-politica"},"_links":{"self":[{"href":"https:\/\/jms.com.bo\/mediamonitor\/wp-json\/wp\/v2\/posts\/75938","targetHints":{"allow":["GET"]}}],"collection":[{"href":"https:\/\/jms.com.bo\/mediamonitor\/wp-json\/wp\/v2\/posts"}],"about":[{"href":"https:\/\/jms.com.bo\/mediamonitor\/wp-json\/wp\/v2\/types\/post"}],"author":[{"embeddable":true,"href":"https:\/\/jms.com.bo\/mediamonitor\/wp-json\/wp\/v2\/users\/2"}],"replies":[{"embeddable":true,"href":"https:\/\/jms.com.bo\/mediamonitor\/wp-json\/wp\/v2\/comments?post=75938"}],"version-history":[{"count":0,"href":"https:\/\/jms.com.bo\/mediamonitor\/wp-json\/wp\/v2\/posts\/75938\/revisions"}],"wp:featuredmedia":[{"embeddable":true,"href":"https:\/\/jms.com.bo\/mediamonitor\/wp-json\/wp\/v2\/media\/16228"}],"wp:attachment":[{"href":"https:\/\/jms.com.bo\/mediamonitor\/wp-json\/wp\/v2\/media?parent=75938"}],"wp:term":[{"taxonomy":"category","embeddable":true,"href":"https:\/\/jms.com.bo\/mediamonitor\/wp-json\/wp\/v2\/categories?post=75938"},{"taxonomy":"post_tag","embeddable":true,"href":"https:\/\/jms.com.bo\/mediamonitor\/wp-json\/wp\/v2\/tags?post=75938"}],"curies":[{"name":"wp","href":"https:\/\/api.w.org\/{rel}","templated":true}]}}